{"id":47049,"date":"2023-03-14T06:58:53","date_gmt":"2023-03-14T09:58:53","guid":{"rendered":"https:\/\/corrientesdetarde.com\/?p=47049"},"modified":"2023-03-14T06:58:56","modified_gmt":"2023-03-14T09:58:56","slug":"la-ex-ministra-ecuatoriana-asilada-en-la-embajada-de-argentina-en-quito-se-escapo","status":"publish","type":"post","link":"https:\/\/corrientesdetarde.com\/index.php\/internacionales\/la-ex-ministra-ecuatoriana-asilada-en-la-embajada-de-argentina-en-quito-se-escapo\/","title":{"rendered":"<strong>La ex ministra ecuatoriana asilada en la Embajada de Argentina en Quito se escap\u00f3<\/strong>"},"content":{"rendered":"\n<p>Mar\u00eda de los \u00c1ngeles Duarte estaba condenada a ocho a\u00f1os de prisi\u00f3n por delitos de corrupci\u00f3n<\/p>\n\n\n\n<p>El canciller de Argentina,&nbsp;<strong>Santiago Cafiero<\/strong>, comunic\u00f3 a su hom\u00f3logo ecuatoriano,<strong>&nbsp;Juan Carlos Holgu\u00edn<\/strong>, que la ex ministra de Transporte y Obras P\u00fablicas, asilada en la sede diplom\u00e1tica argentina en Quito, se fug\u00f3 de la embajada la tarde de este lunes. La informaci\u00f3n sobre la salida de Duarte, considerada pr\u00f3fuga de la justicia de Ecuador, fue difundida oficialmente por la Canciller\u00eda ecuatoriana la noche del 13 de marzo.<\/p>\n\n\n\n<p>Desde el 13 de agosto de 2020, Mar\u00eda de los \u00c1ngeles Duarte permanec\u00eda junto a su hijo en la&nbsp;<strong>Embajada de Argentina en Ecuador<\/strong>, en Quito. Se le concedi\u00f3 ingresar a la sede diplom\u00e1tica como \u201chu\u00e9sped por razones humanitarias\u201d. Sin embargo, el 2 de diciembre de 2022,&nbsp;<strong>el gobierno de Alberto Fern\u00e1ndez<\/strong>&nbsp;le concedi\u00f3 el asilo diplom\u00e1tico a la ex ministra.<\/p>\n\n\n\n<p><strong>Ecuador<\/strong>&nbsp;ha presentado un \u201c<strong>enf\u00e1tico reclamo a la Argentina y ha exigido la entrega de informaci\u00f3n<\/strong>\u201d, comunic\u00f3 la Canciller\u00eda. Adem\u00e1s, el embajador argentino,&nbsp;<strong>Gabriel Fuks<\/strong>, fue convocado por el viceministro de Relaciones Exteriores de Ecuador,&nbsp;<strong>Luis Vayas<\/strong>, para conocer m\u00e1s detalles de la fuga de Duarte. \u201cLa Canciller\u00eda ecuatoriana tomar\u00e1 las medidas m\u00e1s adecuadas ante este incidente\u201d, se lee en el comunicado oficial.<\/p>\n\n\n\n<p>En enero de este a\u00f1o, el ministro&nbsp;<strong>Juan Carlos Holgu\u00edn<\/strong>, consideraba como un asunto cerrado el caso de Duarte. En una entrevista con&nbsp;<strong>Infobae<\/strong>, el Canciller asegur\u00f3 que el Ecuador comunic\u00f3 \u201cfirmemente a Argentina que<strong>&nbsp;no se entregar\u00e1 un salvoconducto<\/strong>&nbsp;a una persona sentenciada por corrupci\u00f3n, con base en nuestro apego irrestricto al derecho internacional y a las convenciones de las que ambos pa\u00edses somos parte\u201d y a\u00f1adi\u00f3 que \u201cen el caso de de las relaciones con Argentina, esperamos que estas no se afecten m\u00e1s all\u00e1 de respuestas diplom\u00e1ticas que han dado ambas partes en relaci\u00f3n a este caso\u201d.<\/p>\n\n\n\n<p>Mar\u00eda de los \u00c1ngeles Duarte fue condenada, en 2020, a ocho a\u00f1os de prisi\u00f3n por<strong>&nbsp;cohecho<\/strong>, un delito de corrupci\u00f3n en contra de la administraci\u00f3n p\u00fablica que fue juzgado dentro del caso&nbsp;<em>Sobornos 2012-2016<\/em>. Esta investigaci\u00f3n judicial&nbsp;<strong>revel\u00f3 una trama de financiamiento irregular del movimiento Alianza Pa\u00eds<\/strong>, la coalici\u00f3n pol\u00edtica que encabez\u00f3 el expresidente Rafael Correa, tambi\u00e9n condenado, y que tuvo como una de sus principales protagonistas a la entonces ministra de Transporte y Obras P\u00fablicas.<\/p>\n\n\n\n<p>La Canciller\u00eda ecuatoriana detall\u00f3, en noviembre de 2022, que \u201cel cohecho o soborno se halla tipificado en las Convenciones de las Naciones Unidas e Interamericana contra la corrupci\u00f3n\u201d y record\u00f3 al gobierno de Argentina que \u201c<strong>las convenciones que norman el asilo diplom\u00e1tico excluyen la posibilidad de conceder asilo a personas condenadas por delitos comunes<\/strong>\u201d.<\/p>\n\n\n\n<p>Argentina y Ecuador adhirieron a la Convenci\u00f3n sobre Asilo Diplom\u00e1tico que entr\u00f3 en vigencia el 29 de diciembre de 1954 y otros dieciocho pa\u00edses de Am\u00e9rica Latina tambi\u00e9n la firmaron.<\/p>\n\n\n\n<p>Duarte fue investigada, juzgada y sentenciada por los m\u00e1s altos tribunales del pa\u00eds antes de que Guillermo Lasso asumiera la presidencia, en mayo de 2021. Seg\u00fan se comunic\u00f3 oficialmente sobre este caso, dicha resoluci\u00f3n judicial \u201ccont\u00f3 con todas las garant\u00edas procesales\u201d.<\/p>\n\n\n\n<p>El asilo diplom\u00e1tico a la ex ministra corre\u00edsta habr\u00eda sido un pedido de la vicepresidenta Cristina Fern\u00e1ndez de Kirchner, que habr\u00eda tomado mayor urgencia luego de la visita de Rafael Correa a Argentina en octubre de 2022.<\/p>\n\n\n\n<p>Duarte es<strong>&nbsp;arquitecta y tiene tres hijos, uno con el cantante argentino Marcelo Pastore<\/strong>, con quien se cas\u00f3 en segundas nupcias en agosto de 2016 y con quien vivi\u00f3 un tiempo en Buenos Aires luego de dejar la funci\u00f3n p\u00fablica. Su relaci\u00f3n con Pastore permiti\u00f3 que la ex ministra encontrara refugio en la sede diplom\u00e1tica de Argentina en Quito luego de que fue sentenciada en el 2020.<\/p>\n","protected":false},"excerpt":{"rendered":"<p>Mar\u00eda de los \u00c1ngeles Duarte estaba condenada a ocho a\u00f1os de prisi\u00f3n por delitos de corrupci\u00f3n El canciller de Argentina,&nbsp;Santiago Cafiero, comunic\u00f3 a su hom\u00f3logo ecuatoriano,&nbsp;Juan Carlos Holgu\u00edn, que la&hellip; <\/p>\n","protected":false},"author":7,"featured_media":47050,"comment_status":"closed","ping_status":"open","sticky":false,"template":"","format":"standard","meta":{"footnotes":""},"categories":[11],"tags":[],"class_list":["post-47049","post","type-post","status-publish","format-standard","has-post-thumbnail","hentry","category-internacionales"],"_links":{"self":[{"href":"https:\/\/corrientesdetarde.com\/index.php\/wp-json\/wp\/v2\/posts\/47049","targetHints":{"allow":["GET"]}}],"collection":[{"href":"https:\/\/corrientesdetarde.com\/index.php\/wp-json\/wp\/v2\/posts"}],"about":[{"href":"https:\/\/corrientesdetarde.com\/index.php\/wp-json\/wp\/v2\/types\/post"}],"author":[{"embeddable":true,"href":"https:\/\/corrientesdetarde.com\/index.php\/wp-json\/wp\/v2\/users\/7"}],"replies":[{"embeddable":true,"href":"https:\/\/corrientesdetarde.com\/index.php\/wp-json\/wp\/v2\/comments?post=47049"}],"version-history":[{"count":1,"href":"https:\/\/corrientesdetarde.com\/index.php\/wp-json\/wp\/v2\/posts\/47049\/revisions"}],"predecessor-version":[{"id":47051,"href":"https:\/\/corrientesdetarde.com\/index.php\/wp-json\/wp\/v2\/posts\/47049\/revisions\/47051"}],"wp:featuredmedia":[{"embeddable":true,"href":"https:\/\/corrientesdetarde.com\/index.php\/wp-json\/wp\/v2\/media\/47050"}],"wp:attachment":[{"href":"https:\/\/corrientesdetarde.com\/index.php\/wp-json\/wp\/v2\/media?parent=47049"}],"wp:term":[{"taxonomy":"category","embeddable":true,"href":"https:\/\/corrientesdetarde.com\/index.php\/wp-json\/wp\/v2\/categories?post=47049"},{"taxonomy":"post_tag","embeddable":true,"href":"https:\/\/corrientesdetarde.com\/index.php\/wp-json\/wp\/v2\/tags?post=47049"}],"curies":[{"name":"wp","href":"https:\/\/api.w.org\/{rel}","templated":true}]}}