{"id":47058,"date":"2023-03-14T07:09:40","date_gmt":"2023-03-14T10:09:40","guid":{"rendered":"https:\/\/corrientesdetarde.com\/?p=47058"},"modified":"2023-03-14T07:09:43","modified_gmt":"2023-03-14T10:09:43","slug":"guillermina-valdes-enfrento-los-rumores-que-la-vinculan-con-juan-roman-riquelme","status":"publish","type":"post","link":"https:\/\/corrientesdetarde.com\/index.php\/espectaculos\/guillermina-valdes-enfrento-los-rumores-que-la-vinculan-con-juan-roman-riquelme\/","title":{"rendered":"<strong>Guillermina Valdes enfrent\u00f3 los rumores que la vinculan con Juan Rom\u00e1n Riquelme<\/strong>"},"content":{"rendered":"\n<p>La empresaria habl\u00f3 con Teleshow luego de que aseguraran que no era con el arquero Javier Garc\u00eda sino con el vicepresidente de Boca Juniors con quien se habr\u00eda encontrado<\/p>\n\n\n\n<p>Despu\u00e9s de haber pasado m\u00e1s de dos d\u00e9cadas en pareja y de haberse dedicado a criar a cuatro hijos,&nbsp;<strong>Paloma, Dante&nbsp;<\/strong>y&nbsp;<strong>Helena<\/strong>&nbsp;de su relaci\u00f3n de 14 a\u00f1os con&nbsp;<strong>Sebasti\u00e1n Ortega<\/strong>&nbsp;y<strong>&nbsp;Lolo<\/strong>&nbsp;de su posterior v\u00ednculo de 9 a\u00f1os&nbsp;<strong>Marcelo Tinelli, Guillermina Valdes<\/strong>&nbsp;decidi\u00f3 disfrutar por primera vez de la solter\u00eda. Sin embargo, en su primera salida con el arquero de Boca Juniors,&nbsp;<strong>Javier Garc\u00eda,&nbsp;<\/strong>se encontr\u00f3 con los paparazzis. As\u00ed que tuvo que salir a aclarar que no se trataba de un noviazgo sino que, simplemente, de dos personas libres que se hab\u00edan encontrado para pasar un rato.<\/p>\n\n\n\n<p>La empresaria sostuvo que vio \u201cuna vez\u201d al futbolista. \u201cY no es mi novio\u201d, repiti\u00f3. \u201cNo tengo nada m\u00e1s para decir que eso. No entiendo qu\u00e9 pas\u00f3, por qu\u00e9 me siguen\u2019\u201d, le respondi\u00f3 a trav\u00e9s de un mensaje a<strong>&nbsp;Nancy Dur\u00e9<\/strong>, quien reprodujo sus declaraciones en&nbsp;<strong><em>Intrusos&nbsp;<\/em><\/strong>despu\u00e9s de que se viera el video de su encuentro con el futbolista, con quien disfrut\u00f3 de una velada en la zona de Caballito.<\/p>\n\n\n\n<p>Luego, Guillermina fue encontrada por las c\u00e1maras de&nbsp;<strong><em>A la tarde&nbsp;<\/em><\/strong>y, volvi\u00f3 a referirse al tema. \u201cEstoy bien, gracias\u201d, dijo al ser interceptada por&nbsp;<strong>Mat\u00edas V\u00e1zquez<\/strong>. \u201cNo, no estoy en pareja. Una vez lo vi\u201d, asegur\u00f3 Valdez. \u201c\u00bfNo pas\u00f3 nada?\u201d, quiso saber entonces el periodista. Y la empresaria esta vez le repiti\u00f3 con \u00e9nfasis: \u201cLo vi una vez\u201d.<\/p>\n\n\n\n<p>Finalmente, para dejar en claro que est\u00e1 en todo su derecho de salir con quien quiera a casi un a\u00f1o de su separaci\u00f3n del conductor de&nbsp;<strong>ShowMatch,<\/strong>&nbsp;Guillermina explic\u00f3: \u201c\u00bfPor qu\u00e9 lo vi? Porque nos conocimos, nos quisimos conocer como cualquier persona que quiere conocer a otra\u201d. Y luego manifest\u00f3 su molestia por la aparici\u00f3n de las im\u00e1genes en los medios: \u201c\u00bfSab\u00e9s lo que es ver una sola vez a una persona y que te saquen una foto?\u201d.<\/p>\n\n\n\n<p>Lo cierto es que, luego de que estas im\u00e1genes salieran a la luz, comenz\u00f3 a circular una versi\u00f3n que indicaba que, en realidad, la empresaria no estar\u00eda saliendo con el guardameta sino con<strong>&nbsp;Juan Rom\u00e1n Riquelme<\/strong>, vicepresidente del Club de la Ribera. El primero en hablar de esta posibilidad como un \u201crumor\u201d nacido en la Bombonera, fue el periodista&nbsp;<strong>Diego Esteves<\/strong>&nbsp;de<strong><em>&nbsp;A la Tarde<\/em><\/strong>, quien se\u00f1al\u00f3 que el arquero habr\u00eda ido a buscar a Guillermina para llevarla a un encuentro con el exjugador, de quien ser\u00eda \u00edntimo amigo. \u201cPor eso los compa\u00f1eros le dicen a Javi Garc\u00eda \u2018El Chofer\u2019\u201d, agreg\u00f3.<\/p>\n\n\n\n<p>En la misma l\u00ednea, este lunes<strong>&nbsp;Carlos Monti<\/strong>&nbsp;fue entrevistado por las c\u00e1maras de&nbsp;<strong><em>Socios del Espect\u00e1culo<\/em><\/strong>&nbsp;y se\u00f1al\u00f3: \u201cElla diciendo que una sola vez lo vio a Garc\u00eda. \u00bfGarc\u00eda no ser\u00e1 un paraguas?\u201d. Y se excus\u00f3 de dar nombres diciendo que si llegaba a hablar iba a ir \u201cpreso\u201d. \u201c\u00bfNo ser\u00e1 que&nbsp;Garc\u00edaest\u00e1 encubriendo a un tercero? Que lo est\u00e9n usando a&nbsp;Garc\u00edapara ir a otro lugar de intermediario y que en realidad&nbsp;no es Garc\u00eda\u201d, dijo en tono misterioso en conductor de&nbsp;<strong><em>Entrometidos.<\/em><\/strong>&nbsp;Pero luego, en el piso,<strong>&nbsp;Adri\u00e1n Pallares&nbsp;<\/strong>y&nbsp;<strong>Rodrigo Lussich<\/strong>&nbsp;aclararon que se refer\u00eda a la versi\u00f3n que vinculaba a Valdes ni m\u00e1s ni menos que con Riquelme.<\/p>\n\n\n\n<p>Lo cierto es que, consultada por&nbsp;<strong>Teleshow<\/strong>, Guillermina descart\u00f3 de lleno esta hip\u00f3tesis. \u201c<strong>No lo conozco. Y nunca habl\u00e9 en mi vida<\/strong>\u201d, dijo la empresaria al ser consultada por el \u00eddolo xeneize. Y agradeci\u00f3 la posibilidad de echar por tierra este rumor, dejando en claro nuevamente que no est\u00e1 involucrada en ninguna relaci\u00f3n sentimental.<\/p>\n","protected":false},"excerpt":{"rendered":"<p>La empresaria habl\u00f3 con Teleshow luego de que aseguraran que no era con el arquero Javier Garc\u00eda sino con el vicepresidente de Boca Juniors con quien se habr\u00eda encontrado Despu\u00e9s&hellip; <\/p>\n","protected":false},"author":7,"featured_media":47059,"comment_status":"closed","ping_status":"open","sticky":false,"template":"","format":"standard","meta":{"footnotes":""},"categories":[19],"tags":[],"class_list":["post-47058","post","type-post","status-publish","format-standard","has-post-thumbnail","hentry","category-espectaculos"],"_links":{"self":[{"href":"https:\/\/corrientesdetarde.com\/index.php\/wp-json\/wp\/v2\/posts\/47058","targetHints":{"allow":["GET"]}}],"collection":[{"href":"https:\/\/corrientesdetarde.com\/index.php\/wp-json\/wp\/v2\/posts"}],"about":[{"href":"https:\/\/corrientesdetarde.com\/index.php\/wp-json\/wp\/v2\/types\/post"}],"author":[{"embeddable":true,"href":"https:\/\/corrientesdetarde.com\/index.php\/wp-json\/wp\/v2\/users\/7"}],"replies":[{"embeddable":true,"href":"https:\/\/corrientesdetarde.com\/index.php\/wp-json\/wp\/v2\/comments?post=47058"}],"version-history":[{"count":1,"href":"https:\/\/corrientesdetarde.com\/index.php\/wp-json\/wp\/v2\/posts\/47058\/revisions"}],"predecessor-version":[{"id":47060,"href":"https:\/\/corrientesdetarde.com\/index.php\/wp-json\/wp\/v2\/posts\/47058\/revisions\/47060"}],"wp:featuredmedia":[{"embeddable":true,"href":"https:\/\/corrientesdetarde.com\/index.php\/wp-json\/wp\/v2\/media\/47059"}],"wp:attachment":[{"href":"https:\/\/corrientesdetarde.com\/index.php\/wp-json\/wp\/v2\/media?parent=47058"}],"wp:term":[{"taxonomy":"category","embeddable":true,"href":"https:\/\/corrientesdetarde.com\/index.php\/wp-json\/wp\/v2\/categories?post=47058"},{"taxonomy":"post_tag","embeddable":true,"href":"https:\/\/corrientesdetarde.com\/index.php\/wp-json\/wp\/v2\/tags?post=47058"}],"curies":[{"name":"wp","href":"https:\/\/api.w.org\/{rel}","templated":true}]}}