{"id":47061,"date":"2023-03-14T07:12:23","date_gmt":"2023-03-14T10:12:23","guid":{"rendered":"https:\/\/corrientesdetarde.com\/?p=47061"},"modified":"2023-03-14T07:12:26","modified_gmt":"2023-03-14T10:12:26","slug":"natalia-fava-y-santiago-almeyda-se-separaron-en-medio-de-rumores-de-infidelidad","status":"publish","type":"post","link":"https:\/\/corrientesdetarde.com\/index.php\/espectaculos\/natalia-fava-y-santiago-almeyda-se-separaron-en-medio-de-rumores-de-infidelidad\/","title":{"rendered":"<strong>Natalia Fava y Santiago Almeyda se separaron en medio de rumores de infidelidad<\/strong>"},"content":{"rendered":"\n<p>Ambos se conocieron en la primera edici\u00f3n argentina de Gran Hermano pero, seg\u00fan trascendi\u00f3, habr\u00edan terminado la pareja tras 22 a\u00f1os de relaci\u00f3n<\/p>\n\n\n\n<p>El 10 de marzo de 2001 Telefe puso al aire el debut de la primera edici\u00f3n de la versi\u00f3n argentina de&nbsp;<em>Gran Hermano<\/em>, un popular formato importado de la televisi\u00f3n neerlandesa.&nbsp;<strong>Marcelo Corazza<\/strong>&nbsp;-el ganador-,&nbsp;<strong>Tamara Paganini<\/strong>,&nbsp;<strong>Gast\u00f3n Trezeguet<\/strong>&nbsp;y&nbsp;<strong>Eleonora Gonz\u00e1lez<\/strong>&nbsp;fueron algunos de los participantes que se destacaron pero tambi\u00e9n estaban all\u00ed los modelos&nbsp;<strong>Natalia Fava<\/strong>&nbsp;y&nbsp;<strong>Santiago Almeyda<\/strong>, quienes comenzaron ah\u00ed una relaci\u00f3n duradera que habr\u00eda llegado a su fin.<\/p>\n\n\n\n<p>Tras 22 a\u00f1os de pareja y algunas idas y vueltas en ese lapso, los ex \u201chermanitos\u201d estar\u00edan enfrentando una crisis definitiva, seg\u00fan se inform\u00f3 este lunes en&nbsp;<strong><em>Socios del Espect\u00e1culo<\/em><\/strong>&nbsp;(El Trece). Y la ruptura estar\u00eda te\u00f1ida por fuertes rumores de infidelidad por parte de \u00e9l.<\/p>\n\n\n\n<p>Luego de la fugaz celebridad que experiment\u00f3 tras su paso por el reality show, Almeyda decidi\u00f3 abocarse al rubro gastron\u00f3mico con una suerte dispar. Despu\u00e9s de haber llegado a la quiebra con un restaurante, empez\u00f3 a repuntar econ\u00f3micamente tras abrir una parrilla. Este habr\u00eda sido el escenario en el que cometi\u00f3 una infidelidad seg\u00fan reconstruyeron en el ciclo que conducen<strong>&nbsp;Rodrigo Lussich&nbsp;<\/strong>y<strong>&nbsp;Adri\u00e1n Pallares<\/strong><\/p>\n\n\n\n<p>\u201cElla lo encontr\u00f3 con otra en su parrilla y le revis\u00f3 el celular\u201d, cont\u00f3 Lussich. \u201cEst\u00e1n por lo menos en una crisis. Lo vio en la parrilla con alguien y despu\u00e9s vio unos chats\u201d, detall\u00f3 Pallares a su lado. \u201cElla vio algo que le dio la sensaci\u00f3n de que pasaba algo. Fue y le revis\u00f3 los chats a lo&nbsp;<strong>Fede Bal<\/strong>\u201d, agreg\u00f3 el conductor, comparando esta crisis con la que en las \u00faltimas semanas se destap\u00f3 entre el hijo de&nbsp;<strong>Carmen Barbieri&nbsp;<\/strong>y su ex novia&nbsp;<strong>Sof\u00eda Aldrey<\/strong>.<\/p>\n\n\n\n<p>\u201cHay crisis, muchos dicen que est\u00e1n separados y habr\u00eda cuernos\u201d, insisti\u00f3 Lussich a continuaci\u00f3n. \u201cHemos tratado de chequear la informaci\u00f3n con ellos, pero no responden y nos llam\u00f3 mucho la atenci\u00f3n\u201d, admiti\u00f3 su compa\u00f1ero en la conducci\u00f3n del ciclo de chimentos. \u201cSe dijo muchas veces que estaban separados, que ten\u00edan sus idas y vueltas, pero ellos bajaron mucho el perfil\u201d, cerraron a la vez.<\/p>\n\n\n\n<p>\u201cSomos una pareja como cualquiera y estamos agradecidos porque hemos hecho de todo: ella tiene su marca de ropa, yo soy un gastron\u00f3mico pr\u00e1cticamente fundido. Ella podr\u00eda volver a la tele, le gusta el medio, es periodista, locutora. Pero no tenemos muchas ganas\u201d, hab\u00eda contado Santiago en 2021 para caracterizar su relaci\u00f3n con Fava, la cual se mantuvo lejos de los focos medi\u00e1ticos en todos estos a\u00f1os.<\/p>\n\n\n\n<p>Poco tiempo despu\u00e9s, Santiago admiti\u00f3 que su alejamiento de los medios tuvo que ver con un drama familiar: el suicidio de&nbsp;<strong>Valeria<\/strong>, su hermana. \u201cLo de mi hermana, que ya no est\u00e1, fue un gran motivo para alejarme. Cuando ten\u00e9s un gran golpe en tu vida, mir\u00e1s al costado y fren\u00e1s todo lo que est\u00e1s haciendo para encerrarte, pensar. Justo fue esa situaci\u00f3n, que me llev\u00f3 a detenerme un poco y quedarme tranquilito\u201d, le cont\u00f3 a<strong>&nbsp;Tom\u00e1s Dente<\/strong>&nbsp;en una entrevista emitida en&nbsp;<strong><em>Vino Para Vos<\/em><\/strong>&nbsp;(KZO) en junio de 2021.<\/p>\n\n\n\n<p>Santiago es el hermano m\u00e1s chico de tres, Valeria y&nbsp;<strong>Ariel<\/strong>, con dos a\u00f1os de diferencia entre s\u00ed. El suicidio de Valeria ocurri\u00f3 en 2013. \u201cYo pienso que siempre est\u00e1, que es un \u00e1ngel. Era una persona incre\u00edblemente buena, sana, sin maldad. Una artista con todas las letras: hoy la palabra artista est\u00e1 devaluad\u00edsima. Pero ella era una pintora innata, de toda la vida. Una persona con mucha luz&#8230; pero bueno, yo creo que est\u00e1 ah\u00ed siempre, cuid\u00e1ndome\u201d, cont\u00f3 Almeyda en esa oportunidad.<\/p>\n","protected":false},"excerpt":{"rendered":"<p>Ambos se conocieron en la primera edici\u00f3n argentina de Gran Hermano pero, seg\u00fan trascendi\u00f3, habr\u00edan terminado la pareja tras 22 a\u00f1os de relaci\u00f3n El 10 de marzo de 2001 Telefe&hellip; <\/p>\n","protected":false},"author":7,"featured_media":47062,"comment_status":"closed","ping_status":"open","sticky":false,"template":"","format":"standard","meta":{"footnotes":""},"categories":[19],"tags":[],"class_list":["post-47061","post","type-post","status-publish","format-standard","has-post-thumbnail","hentry","category-espectaculos"],"_links":{"self":[{"href":"https:\/\/corrientesdetarde.com\/index.php\/wp-json\/wp\/v2\/posts\/47061","targetHints":{"allow":["GET"]}}],"collection":[{"href":"https:\/\/corrientesdetarde.com\/index.php\/wp-json\/wp\/v2\/posts"}],"about":[{"href":"https:\/\/corrientesdetarde.com\/index.php\/wp-json\/wp\/v2\/types\/post"}],"author":[{"embeddable":true,"href":"https:\/\/corrientesdetarde.com\/index.php\/wp-json\/wp\/v2\/users\/7"}],"replies":[{"embeddable":true,"href":"https:\/\/corrientesdetarde.com\/index.php\/wp-json\/wp\/v2\/comments?post=47061"}],"version-history":[{"count":1,"href":"https:\/\/corrientesdetarde.com\/index.php\/wp-json\/wp\/v2\/posts\/47061\/revisions"}],"predecessor-version":[{"id":47063,"href":"https:\/\/corrientesdetarde.com\/index.php\/wp-json\/wp\/v2\/posts\/47061\/revisions\/47063"}],"wp:featuredmedia":[{"embeddable":true,"href":"https:\/\/corrientesdetarde.com\/index.php\/wp-json\/wp\/v2\/media\/47062"}],"wp:attachment":[{"href":"https:\/\/corrientesdetarde.com\/index.php\/wp-json\/wp\/v2\/media?parent=47061"}],"wp:term":[{"taxonomy":"category","embeddable":true,"href":"https:\/\/corrientesdetarde.com\/index.php\/wp-json\/wp\/v2\/categories?post=47061"},{"taxonomy":"post_tag","embeddable":true,"href":"https:\/\/corrientesdetarde.com\/index.php\/wp-json\/wp\/v2\/tags?post=47061"}],"curies":[{"name":"wp","href":"https:\/\/api.w.org\/{rel}","templated":true}]}}