{"id":47219,"date":"2023-03-14T18:07:53","date_gmt":"2023-03-14T21:07:53","guid":{"rendered":"https:\/\/corrientesdetarde.com\/?p=47219"},"modified":"2023-03-14T18:10:40","modified_gmt":"2023-03-14T21:10:40","slug":"la-inflacion-y-las-diferencias-internas-complican-mas-la-situacion-en-casa-rosada","status":"publish","type":"post","link":"https:\/\/corrientesdetarde.com\/index.php\/politica\/la-inflacion-y-las-diferencias-internas-complican-mas-la-situacion-en-casa-rosada\/","title":{"rendered":"LA INFLACI\u00d3N Y LAS DIFERENCIAS INTERNAS COMPLICAN M\u00c1S LA SITUACI\u00d3N EN CASA ROSADA"},"content":{"rendered":"\n<p>JUAN PABLO PERALTA (Desde Casa de Gobierno) El presidente Fern\u00e1ndez tuvo otro d\u00eda sin agenda p\u00fablica, aunque desde Olivos dio a conocer a la reemplazante en la Oficina Anticorrupci\u00f3n, de F\u00e9lix Crous. Quien ocupar\u00e1 ese cargo ser\u00e1 la abogada Ver\u00f3nica G\u00f3mez.<\/p>\n\n\n\n<figure class=\"wp-block-embed is-type-video is-provider-youtube wp-block-embed-youtube wp-embed-aspect-16-9 wp-has-aspect-ratio\"><div class=\"wp-block-embed__wrapper\">\n<iframe loading=\"lazy\" title=\"LA INFLACI\u00d3N Y LAS DIFERENCIAS INTERNAS COMPLICAN M\u00c1S LA SITUACI\u00d3N EN CASA ROSADA\" width=\"1110\" height=\"624\" src=\"https:\/\/www.youtube.com\/embed\/3ouMxO0X8oc?feature=oembed\" frameborder=\"0\" allow=\"accelerometer; autoplay; clipboard-write; encrypted-media; gyroscope; picture-in-picture; web-share\" allowfullscreen><\/iframe>\n<\/div><\/figure>\n\n\n\n<p>Mientras se aguardaban los datos del IPC de febrero, el jefe de Gabinete encabez\u00f3 un encuentro de la asamblea anual del Consejo Federal de Drogas.<\/p>\n\n\n\n<p>Luego se refiri\u00f3 a las diferencias en el Frente de Todos y especialmente en el tema del acuerdo sellado con el FMI, del que se exigen cambios desde el kirchnerismo, que Sergio Massa parece intentar negociar pero sin salidas que beneficien a los sectores m\u00e1s bajos.<\/p>\n\n\n\n<p>Pasadas las 16 hs, el INDEC indic\u00f3 que el n\u00famero de la inflaci\u00f3n del mes pasado fue del 6,6 por ciento, y que en 12 meses acumula 102,5%, rompiendo as\u00ed la barrera de los tres d\u00edgitos, algo que complica del superministro dentro de la coalici\u00f3n gobernante, pese a que se lo est\u00e9 promoviendo y sosteniendo, con confesiones como las que hizo Jorge Ferraresi, quien asegur\u00f3 que el tigrense lleg\u00f3 al palacio de Hacienda cuando el Gobierno se estaba por ir en helic\u00f3ptero.<\/p>\n\n\n\n<p>Declaraciones que suben el tono en la crisis que atraviesa la dividida administraci\u00f3n del FdT y toda la Argentina en su conjunto.<\/p>\n","protected":false},"excerpt":{"rendered":"<p>JUAN PABLO PERALTA (Desde Casa de Gobierno) El presidente Fern\u00e1ndez tuvo otro d\u00eda sin agenda p\u00fablica, aunque desde Olivos dio a conocer a la reemplazante en la Oficina Anticorrupci\u00f3n, de&hellip; <\/p>\n","protected":false},"author":11,"featured_media":47221,"comment_status":"closed","ping_status":"open","sticky":false,"template":"","format":"standard","meta":{"footnotes":""},"categories":[3],"tags":[66,85],"class_list":["post-47219","post","type-post","status-publish","format-standard","has-post-thumbnail","hentry","category-politica","tag-alberto","tag-inflacion"],"_links":{"self":[{"href":"https:\/\/corrientesdetarde.com\/index.php\/wp-json\/wp\/v2\/posts\/47219","targetHints":{"allow":["GET"]}}],"collection":[{"href":"https:\/\/corrientesdetarde.com\/index.php\/wp-json\/wp\/v2\/posts"}],"about":[{"href":"https:\/\/corrientesdetarde.com\/index.php\/wp-json\/wp\/v2\/types\/post"}],"author":[{"embeddable":true,"href":"https:\/\/corrientesdetarde.com\/index.php\/wp-json\/wp\/v2\/users\/11"}],"replies":[{"embeddable":true,"href":"https:\/\/corrientesdetarde.com\/index.php\/wp-json\/wp\/v2\/comments?post=47219"}],"version-history":[{"count":2,"href":"https:\/\/corrientesdetarde.com\/index.php\/wp-json\/wp\/v2\/posts\/47219\/revisions"}],"predecessor-version":[{"id":47226,"href":"https:\/\/corrientesdetarde.com\/index.php\/wp-json\/wp\/v2\/posts\/47219\/revisions\/47226"}],"wp:featuredmedia":[{"embeddable":true,"href":"https:\/\/corrientesdetarde.com\/index.php\/wp-json\/wp\/v2\/media\/47221"}],"wp:attachment":[{"href":"https:\/\/corrientesdetarde.com\/index.php\/wp-json\/wp\/v2\/media?parent=47219"}],"wp:term":[{"taxonomy":"category","embeddable":true,"href":"https:\/\/corrientesdetarde.com\/index.php\/wp-json\/wp\/v2\/categories?post=47219"},{"taxonomy":"post_tag","embeddable":true,"href":"https:\/\/corrientesdetarde.com\/index.php\/wp-json\/wp\/v2\/tags?post=47219"}],"curies":[{"name":"wp","href":"https:\/\/api.w.org\/{rel}","templated":true}]}}