{"id":47420,"date":"2023-03-15T14:30:44","date_gmt":"2023-03-15T17:30:44","guid":{"rendered":"https:\/\/corrientesdetarde.com\/?p=47420"},"modified":"2023-03-15T14:30:49","modified_gmt":"2023-03-15T17:30:49","slug":"alarma-en-boca-hugo-ibarra-se-descompuso-y-lo-trasladaron-de-urgencia-a-una-clinica","status":"publish","type":"post","link":"https:\/\/corrientesdetarde.com\/index.php\/deportes\/alarma-en-boca-hugo-ibarra-se-descompuso-y-lo-trasladaron-de-urgencia-a-una-clinica\/","title":{"rendered":"Alarma en Boca: Hugo Ibarra se descompuso y lo trasladaron de urgencia a una cl\u00ednica"},"content":{"rendered":"\n<p>El entrenador del Xeneize se descompens\u00f3 cuando lleg\u00f3 al entrenamiento. Se espera parte m\u00e9dico sobre su evoluci\u00f3n.<\/p>\n\n\n\n<p>El director t\u00e9cnico de Boca,&nbsp;<strong>Hugo Ibarra,<\/strong>&nbsp;se descompuso esta ma\u00f1ana en el entrenamiento luego de sufrir un<strong>&nbsp;sangrado en su nariz<\/strong>&nbsp;y un&nbsp;<strong>fuerte dolor de cabeza<\/strong>. Tuvo que ser trasladado en ambulancia a una cl\u00ednica cercana.<\/p>\n\n\n\n<p>Ibarra comenz\u00f3 a padecer los s\u00edntomas en medio de la pr\u00e1ctica del &#8220;xeneize&#8221; que se desarrollaba desde las 9 en el predio deportivo que el club tiene en Ezeiza.<\/p>\n\n\n\n<p>De inmediato fue revisado por los m\u00e9dicos del plantel de Boca y derivado a una cl\u00ednica. La imagen fue fuerte para el plantel y los allegados que estaban en ese momento, porque el t\u00e9cnico tuvo que ser retirado del predio de Ezeiza en ambulancia.<\/p>\n\n\n\n<p>Por los s\u00edntomas que present\u00f3 el DT, el cuerpo m\u00e9dico de Boca cree que se tratar\u00eda de un<strong>&nbsp;problema de presi\u00f3n<\/strong>&nbsp;debido a la intensa ola de calor, aunque no se descarta un&nbsp;<strong>pico de estr\u00e9s<\/strong>.<\/p>\n\n\n\n<p>Tras analizar la situaci\u00f3n del entrenador, los allegados al cuerpo t\u00e9cnico transmitieron un mensaje tranquilizador hacia los medios de prensa, a la espera de un parte m\u00e9dico oficial.<\/p>\n\n\n\n<p>De todos modos, por rutina de control, le har\u00e1n al DT de Boca todos los estudios necesarios para descartar otro tipo de patolog\u00eda.<\/p>\n\n\n\n<p>Se ver\u00e1 en las pr\u00f3ximas horas su evoluci\u00f3n y si podr\u00e1 estar ma\u00f1ana para dirigir la habitual practica de f\u00fatbol de los jueves.<\/p>\n\n\n\n<p>Hugo Ibarra, quien cumplir\u00e1 el 1 de abril 49 a\u00f1os, asumi\u00f3 como entrenador de Boca en julio del a\u00f1o pasado, y gan\u00f3 la Liga Profesional de 2022.<\/p>\n\n\n\n<h3 class=\"wp-block-heading\">Los cambios que pensaba Ibarra para Boca<\/h3>\n\n\n\n<figure class=\"wp-block-image size-full\"><img loading=\"lazy\" decoding=\"async\" width=\"610\" height=\"457\" src=\"https:\/\/corrientesdetarde.com\/wp-content\/uploads\/2023\/03\/image-521.png\" alt=\"\" class=\"wp-image-47421\" srcset=\"https:\/\/corrientesdetarde.com\/wp-content\/uploads\/2023\/03\/image-521.png 610w, https:\/\/corrientesdetarde.com\/wp-content\/uploads\/2023\/03\/image-521-300x225.png 300w\" sizes=\"auto, (max-width: 610px) 100vw, 610px\" \/><\/figure>\n\n\n\n<p>Luego de que el DT fuera trasladado en ambulancia, el entrenamiento de Boca continu\u00f3 bajo el mando de sus ayudantes,<strong>&nbsp;Leandro Graci\u00e1n y Tito Pompei.<\/strong><\/p>\n\n\n\n<p>Ayer se conoci\u00f3 que &#8211; tras perder 1 a 0 ante Banfield &#8211; el director t\u00e9cnico ya estaba preparando al equipo con cambios para jugar ante Instituto de C\u00f3rdoba el pr\u00f3ximo domingo en La Bombonera, por la 8va. fecha de la Liga Profesional de F\u00fatbol .<\/p>\n\n\n\n<p>Las variantes ser\u00edan en la formaci\u00f3n inicial as\u00ed como tambi\u00e9n en el dibujo t\u00e1ctico para regresar al esquema 4-4-2.<\/p>\n\n\n\n<p>Antes del partido contra Banfiel el fin de semana pasado, el t\u00e9cnico hab\u00eda confirmado el mismo once que ven\u00eda de igualar 0 a 0 ante Defensa y Justicia, cuando le ratific\u00f3 la confianza a los jugadores que no estaban en un buen nivel.<\/p>\n\n\n\n<p>Ahora, despu\u00e9s de la mala actuaci\u00f3n de visitante ante el &#8220;Taladro&#8221;, el t\u00e9cnico piensa que es el momento de incorporar, especialmente en la mitad de la cancha, algunos jugadores que cuando ingresan le cambian &#8220;la cara&#8221; al equipo.<\/p>\n","protected":false},"excerpt":{"rendered":"<p>El entrenador del Xeneize se descompens\u00f3 cuando lleg\u00f3 al entrenamiento. Se espera parte m\u00e9dico sobre su evoluci\u00f3n. El director t\u00e9cnico de Boca,&nbsp;Hugo Ibarra,&nbsp;se descompuso esta ma\u00f1ana en el entrenamiento luego&hellip; <\/p>\n","protected":false},"author":8,"featured_media":47422,"comment_status":"closed","ping_status":"open","sticky":false,"template":"","format":"standard","meta":{"footnotes":""},"categories":[4],"tags":[],"class_list":["post-47420","post","type-post","status-publish","format-standard","has-post-thumbnail","hentry","category-deportes"],"_links":{"self":[{"href":"https:\/\/corrientesdetarde.com\/index.php\/wp-json\/wp\/v2\/posts\/47420","targetHints":{"allow":["GET"]}}],"collection":[{"href":"https:\/\/corrientesdetarde.com\/index.php\/wp-json\/wp\/v2\/posts"}],"about":[{"href":"https:\/\/corrientesdetarde.com\/index.php\/wp-json\/wp\/v2\/types\/post"}],"author":[{"embeddable":true,"href":"https:\/\/corrientesdetarde.com\/index.php\/wp-json\/wp\/v2\/users\/8"}],"replies":[{"embeddable":true,"href":"https:\/\/corrientesdetarde.com\/index.php\/wp-json\/wp\/v2\/comments?post=47420"}],"version-history":[{"count":1,"href":"https:\/\/corrientesdetarde.com\/index.php\/wp-json\/wp\/v2\/posts\/47420\/revisions"}],"predecessor-version":[{"id":47423,"href":"https:\/\/corrientesdetarde.com\/index.php\/wp-json\/wp\/v2\/posts\/47420\/revisions\/47423"}],"wp:featuredmedia":[{"embeddable":true,"href":"https:\/\/corrientesdetarde.com\/index.php\/wp-json\/wp\/v2\/media\/47422"}],"wp:attachment":[{"href":"https:\/\/corrientesdetarde.com\/index.php\/wp-json\/wp\/v2\/media?parent=47420"}],"wp:term":[{"taxonomy":"category","embeddable":true,"href":"https:\/\/corrientesdetarde.com\/index.php\/wp-json\/wp\/v2\/categories?post=47420"},{"taxonomy":"post_tag","embeddable":true,"href":"https:\/\/corrientesdetarde.com\/index.php\/wp-json\/wp\/v2\/tags?post=47420"}],"curies":[{"name":"wp","href":"https:\/\/api.w.org\/{rel}","templated":true}]}}