{"id":47495,"date":"2023-03-15T19:19:30","date_gmt":"2023-03-15T22:19:30","guid":{"rendered":"https:\/\/corrientesdetarde.com\/?p=47495"},"modified":"2023-03-15T19:20:17","modified_gmt":"2023-03-15T22:20:17","slug":"fernandez-se-recupera-en-olivos-mientras-su-gobierno-intentar-enfrentar-la-crisis-inflacionaria","status":"publish","type":"post","link":"https:\/\/corrientesdetarde.com\/index.php\/politica\/fernandez-se-recupera-en-olivos-mientras-su-gobierno-intentar-enfrentar-la-crisis-inflacionaria\/","title":{"rendered":"FERN\u00c1NDEZ SE RECUPERA EN OLIVOS MIENTRAS SU GOBIERNO INTENTAR ENFRENTAR LA CRISIS INFLACIONARIA"},"content":{"rendered":"\n<p>JUAN PABLO PERALTA (Enviado Casa Rosada) -Despu\u00e9s de que ayer se conocieran los datos oficiales de la inflaci\u00f3n de febrero, que dio 6,6 por ciento en febrero pasado y un 102,5% interanual, en Casa Rosada no hubo declaraciones al respecto.<\/p>\n\n\n\n<figure class=\"wp-block-embed is-type-video is-provider-youtube wp-block-embed-youtube wp-embed-aspect-16-9 wp-has-aspect-ratio\"><div class=\"wp-block-embed__wrapper\">\n<iframe loading=\"lazy\" title=\"Fern\u00e1ndez se recupera en Olivos mientras su Gobierno intentar enfrentar la crisis inflacionaria\" width=\"1110\" height=\"624\" src=\"https:\/\/www.youtube.com\/embed\/0AFFpTo7HX8?feature=oembed\" frameborder=\"0\" allow=\"accelerometer; autoplay; clipboard-write; encrypted-media; gyroscope; picture-in-picture; web-share\" allowfullscreen><\/iframe>\n<\/div><\/figure>\n\n\n\n<p>Sobre la noche, se supo que el presidente Alberto Fern\u00e1ndez, hab\u00eda sido internado en el Sanatorio Otamendi, donde luego de algunos estudios por un fuerte dolor de espalda en el lumbago, se le diagnostic\u00f3 una hernia de disco, por lo que se le impuso desde la Unidad M\u00e9dica Presidencial, un reposo hasta que se le haga un bloqueo radicular, que se le realizar\u00e1 en 48 o 72 hs. El mandatario tuvo que suspender toda su agenda, mientras las repercusiones por las subas del IPC y las internas en el FdT potencian la crisis en el seno del Gobierno.<\/p>\n","protected":false},"excerpt":{"rendered":"<p>JUAN PABLO PERALTA (Enviado Casa Rosada) -Despu\u00e9s de que ayer se conocieran los datos oficiales de la inflaci\u00f3n de febrero, que dio 6,6 por ciento en febrero pasado y un&hellip; <\/p>\n","protected":false},"author":11,"featured_media":47496,"comment_status":"closed","ping_status":"open","sticky":false,"template":"","format":"standard","meta":{"footnotes":""},"categories":[3],"tags":[66,90,85,89],"class_list":["post-47495","post","type-post","status-publish","format-standard","has-post-thumbnail","hentry","category-politica","tag-alberto","tag-disco","tag-inflacion","tag-internado"],"_links":{"self":[{"href":"https:\/\/corrientesdetarde.com\/index.php\/wp-json\/wp\/v2\/posts\/47495","targetHints":{"allow":["GET"]}}],"collection":[{"href":"https:\/\/corrientesdetarde.com\/index.php\/wp-json\/wp\/v2\/posts"}],"about":[{"href":"https:\/\/corrientesdetarde.com\/index.php\/wp-json\/wp\/v2\/types\/post"}],"author":[{"embeddable":true,"href":"https:\/\/corrientesdetarde.com\/index.php\/wp-json\/wp\/v2\/users\/11"}],"replies":[{"embeddable":true,"href":"https:\/\/corrientesdetarde.com\/index.php\/wp-json\/wp\/v2\/comments?post=47495"}],"version-history":[{"count":2,"href":"https:\/\/corrientesdetarde.com\/index.php\/wp-json\/wp\/v2\/posts\/47495\/revisions"}],"predecessor-version":[{"id":47498,"href":"https:\/\/corrientesdetarde.com\/index.php\/wp-json\/wp\/v2\/posts\/47495\/revisions\/47498"}],"wp:featuredmedia":[{"embeddable":true,"href":"https:\/\/corrientesdetarde.com\/index.php\/wp-json\/wp\/v2\/media\/47496"}],"wp:attachment":[{"href":"https:\/\/corrientesdetarde.com\/index.php\/wp-json\/wp\/v2\/media?parent=47495"}],"wp:term":[{"taxonomy":"category","embeddable":true,"href":"https:\/\/corrientesdetarde.com\/index.php\/wp-json\/wp\/v2\/categories?post=47495"},{"taxonomy":"post_tag","embeddable":true,"href":"https:\/\/corrientesdetarde.com\/index.php\/wp-json\/wp\/v2\/tags?post=47495"}],"curies":[{"name":"wp","href":"https:\/\/api.w.org\/{rel}","templated":true}]}}