{"id":47706,"date":"2023-03-16T15:50:21","date_gmt":"2023-03-16T18:50:21","guid":{"rendered":"https:\/\/corrientesdetarde.com\/?p=47706"},"modified":"2023-03-16T15:50:27","modified_gmt":"2023-03-16T18:50:27","slug":"nande-huerta-dara-inicio-un-ciclo-de-capacitaciones-en-el-mes-del-compostaje","status":"publish","type":"post","link":"https:\/\/corrientesdetarde.com\/index.php\/sociales\/nande-huerta-dara-inicio-un-ciclo-de-capacitaciones-en-el-mes-del-compostaje\/","title":{"rendered":"\u00d1ande Huerta: dar\u00e1 inicio un ciclo de capacitaciones en el Mes del Compostaje"},"content":{"rendered":"\n<p><em>Los talleres comenzar\u00e1n el pr\u00f3ximo jueves 23 de marzo y se extender\u00e1n hasta el jueves 20 de abril. Entre los ejes a abordar se encuentran el manejo de una huerta familiar, el manejo de plagas, el compostaje y las lombrices californianas, entre otras. Para inscribirse deber\u00e1n ingresar al siguiente link: http:\/\/bit.ly\/\u00f1andehuerta.<\/em><\/p>\n\n\n\n<p>La Municipalidad de Corrientes iniciar\u00e1 el jueves 23 de marzo una nueva serie de capacitaciones del programa \u00d1ande Huerta, en el marco del \u201cMes de compostaje\u201d. Los vecinos que se inscriban podr\u00e1n adquirir nuevos conocimientos sobre el manejo de una huerta familiar, manejo de plagas, entre otras.<br><br>Se trata de una actividad que es llevada adelante por la secretar\u00eda de Desarrollo Econ\u00f3mico, a trav\u00e9s de la subsecretar\u00eda de Econom\u00eda Social, con el objetivo de brindar mayores herramientas a los vecinos en materia de agricultura familiar.<br><br>\u201cAprovechando que el 22 de marzo es el D\u00eda Internacional del Agua y el 22 de abril el D\u00eda Internacional de la Tierra, la Municipalidad realizar\u00e1 \u201cEl mes de compostaje\u201d que tendr\u00e1 capacitaciones \u00d1ande Huerta\u201d, explic\u00f3 el subsecretario de Econom\u00eda Social, Ignacio Rodr\u00edguez Mateo.<br><br>En ese sentido, el funcionario se\u00f1al\u00f3 que \u201clas acciones se articular\u00e1n con las secretar\u00edas de Salud y de Ambiente y Desarrollo Sustentable, por lo que se realizar\u00e1 una charla sobre alimentaci\u00f3n saludable y Eco-trueque\u201d.<br><br>Por otra parte, Rodr\u00edguez Mateos precis\u00f3 que los cupos son limitados y que los interesados en participar de los talleres podr\u00e1n inscribirse en el siguiente link: http:\/\/bit.ly\/\u00f1andehuerta o bien al 379-4265965.<br><br>DETALLES<br><br>Todas las capacitaciones se realizar\u00e1n en la Oficina de Empleo, ubicada por Pasaje Villanueva al 1460. El primer taller ser\u00e1 el jueves 23 de marzo, de 9.30 a 11.30, con la tem\u00e1tica \u201cplanificaci\u00f3n y manejo de una huerta agroecol\u00f3gica familiar\u201d.<br><br>Las siguientes jornadas se desarrollar\u00e1n los jueves de las siguientes semanas con los siguientes ejes: \u201cElaboraci\u00f3n de preparados caseros para prevenir plagas y enfermedades de la huerta agroecol\u00f3gica\u201d, \u201cCompostaje y lombrices californianas\u201d y \u201cAlimentaci\u00f3n saludable\u201d.<br><br>CRONOGRAMA COMPLETO<br>23 de marzo: \u201cPlanificaci\u00f3n y manejo de una huerta agroecol\u00f3gica familiar\u201d<br>30 de marzo: \u201cElaboraci\u00f3n de preparados caseros para prevenir plagas y enfermedades de la huerta agroecol\u00f3gica\u201d<br>5 de abril: \u201cCompostaje y Lombrices Californianas\u201d<br>13 de abril: \u201cAlimentaci\u00f3n Saludable\u201d<br>20 de abril: Cierre de actividades<\/p>\n\n\n\n<p><a href=\"https:\/\/ciudaddecorrientes.us17.list-manage.com\/track\/click?u=18ec154282a0ecffdb669586d&amp;id=3139b62156&amp;e=8576ec4bdd\" target=\"_blank\" rel=\"noreferrer noopener\">NOTA TV.<\/a><br>Ignacio Rodr\u00edguez Mateo, subsecretario de Econom\u00eda Social.<\/p>\n\n\n\n<figure class=\"wp-block-image size-full\"><img loading=\"lazy\" decoding=\"async\" width=\"848\" height=\"636\" src=\"https:\/\/corrientesdetarde.com\/wp-content\/uploads\/2023\/03\/image-586.png\" alt=\"\" class=\"wp-image-47707\" srcset=\"https:\/\/corrientesdetarde.com\/wp-content\/uploads\/2023\/03\/image-586.png 848w, https:\/\/corrientesdetarde.com\/wp-content\/uploads\/2023\/03\/image-586-300x225.png 300w, https:\/\/corrientesdetarde.com\/wp-content\/uploads\/2023\/03\/image-586-768x576.png 768w\" sizes=\"auto, (max-width: 848px) 100vw, 848px\" \/><\/figure>\n\n\n\n<figure class=\"wp-block-image size-full\"><img loading=\"lazy\" decoding=\"async\" width=\"848\" height=\"636\" src=\"https:\/\/corrientesdetarde.com\/wp-content\/uploads\/2023\/03\/image-587.png\" alt=\"\" class=\"wp-image-47708\" srcset=\"https:\/\/corrientesdetarde.com\/wp-content\/uploads\/2023\/03\/image-587.png 848w, https:\/\/corrientesdetarde.com\/wp-content\/uploads\/2023\/03\/image-587-300x225.png 300w, https:\/\/corrientesdetarde.com\/wp-content\/uploads\/2023\/03\/image-587-768x576.png 768w\" sizes=\"auto, (max-width: 848px) 100vw, 848px\" \/><\/figure>\n","protected":false},"excerpt":{"rendered":"<p>Los talleres comenzar\u00e1n el pr\u00f3ximo jueves 23 de marzo y se extender\u00e1n hasta el jueves 20 de abril. Entre los ejes a abordar se encuentran el manejo de una huerta&hellip; <\/p>\n","protected":false},"author":8,"featured_media":0,"comment_status":"closed","ping_status":"open","sticky":false,"template":"","format":"standard","meta":{"footnotes":""},"categories":[17],"tags":[],"class_list":["post-47706","post","type-post","status-publish","format-standard","hentry","category-sociales"],"_links":{"self":[{"href":"https:\/\/corrientesdetarde.com\/index.php\/wp-json\/wp\/v2\/posts\/47706","targetHints":{"allow":["GET"]}}],"collection":[{"href":"https:\/\/corrientesdetarde.com\/index.php\/wp-json\/wp\/v2\/posts"}],"about":[{"href":"https:\/\/corrientesdetarde.com\/index.php\/wp-json\/wp\/v2\/types\/post"}],"author":[{"embeddable":true,"href":"https:\/\/corrientesdetarde.com\/index.php\/wp-json\/wp\/v2\/users\/8"}],"replies":[{"embeddable":true,"href":"https:\/\/corrientesdetarde.com\/index.php\/wp-json\/wp\/v2\/comments?post=47706"}],"version-history":[{"count":1,"href":"https:\/\/corrientesdetarde.com\/index.php\/wp-json\/wp\/v2\/posts\/47706\/revisions"}],"predecessor-version":[{"id":47709,"href":"https:\/\/corrientesdetarde.com\/index.php\/wp-json\/wp\/v2\/posts\/47706\/revisions\/47709"}],"wp:attachment":[{"href":"https:\/\/corrientesdetarde.com\/index.php\/wp-json\/wp\/v2\/media?parent=47706"}],"wp:term":[{"taxonomy":"category","embeddable":true,"href":"https:\/\/corrientesdetarde.com\/index.php\/wp-json\/wp\/v2\/categories?post=47706"},{"taxonomy":"post_tag","embeddable":true,"href":"https:\/\/corrientesdetarde.com\/index.php\/wp-json\/wp\/v2\/tags?post=47706"}],"curies":[{"name":"wp","href":"https:\/\/api.w.org\/{rel}","templated":true}]}}