{"id":47782,"date":"2023-03-17T09:34:06","date_gmt":"2023-03-17T12:34:06","guid":{"rendered":"https:\/\/corrientesdetarde.com\/?p=47782"},"modified":"2023-03-17T09:39:56","modified_gmt":"2023-03-17T12:39:56","slug":"larreta-denuncio-a-edesur-por-los-cortes-de-luz","status":"publish","type":"post","link":"https:\/\/corrientesdetarde.com\/index.php\/nacionales\/larreta-denuncio-a-edesur-por-los-cortes-de-luz\/","title":{"rendered":"Larreta denunci\u00f3 A Edesur por los cortes de luZ"},"content":{"rendered":"\n<h3 class=\"wp-block-heading\">El Gobierno porte\u00f1o present\u00f3 este jueves una denuncia penal contra Edesur por el presunto abandono de persona con dolo eventual por los cortes de luz en la Ciudad de Buenos Aires.<\/h3>\n\n\n\n<p>La denuncia fue elevada al Ministerio P\u00fablico Fiscal local e informada a trav\u00e9s de las redes sociales por el jefe de Gobierno porte\u00f1o,&nbsp;<strong>Horacio Rodr\u00edguez Larreta<\/strong>, en un posteo en el cual sostuvo que \u00ablos responsables\u00bb de la falta de electricidad \u00abtienen que hacerse cargo\u00bb.<\/p>\n\n\n\n<p>La presentaci\u00f3n del Gobierno porte\u00f1o fue dada a conocer esta tarde, luego de que el Ente Nacional de Regulaci\u00f3n de la Electricidad (ENRE) concretara una denuncia penal contra las autoridades de Edesur bajo los cargos de defraudaci\u00f3n por desbaratamiento de los derechos acordados, abandono de persona y entorpecimiento de los servicios p\u00fablicos.<\/p>\n\n\n\n<h3 class=\"wp-block-heading\">Provisi\u00f3n<\/h3>\n\n\n\n<p>\u00abA pesar de no tener jurisdicci\u00f3n sobre la energ\u00eda, desde la Ciudad estamos haciendo todo lo que podemos desde nuestro lugar para acompa\u00f1ar a los vecinos\u00bb, se\u00f1al\u00f3 Rodr\u00edguez Larreta.<\/p>\n\n\n\n<p>El jefe de Gobierno sostuvo que ante esta situaci\u00f3n encararon la provisi\u00f3n de \u00abgrupos electr\u00f3genos a los hospitales y geri\u00e1tricos y a las personas electrodependientes para cuidar su salud\u00bb<\/p>\n\n\n\n<p>Seg\u00fan fuentes del Ejecutivo porte\u00f1o citadas por la agencia T\u00e9lam,&nbsp;la presentaci\u00f3n de la denuncia penal se decidi\u00f3 tras el pedido de intervenci\u00f3n solicitado desde la Subsecretar\u00eda de Emergencia \u00abrespecto de los cortes de suministro de energ\u00eda el\u00e9ctrica que habr\u00edan puesto en peligro la vida o la salud de los habitantes de la CABA\u00bb.<\/p>\n\n\n\n<h3 class=\"wp-block-heading\">Incumpliendo<\/h3>\n\n\n\n<p>\u00abDe lo sucedido en los \u00faltimos d\u00edas con relaci\u00f3n a la prestaci\u00f3n del servicio de luz por parte de la empresa de Edesur, claramente la misma se encuentra incumpliendo, a sabiendas, sus obligaciones\u00bb, consideraron desde la gesti\u00f3n porte\u00f1a en la presentaci\u00f3n judicial.<\/p>\n\n\n\n<p>Agregaron que la empresa no puede desconocer \u00ablas posibles consecuencias de la falta de suministro de energ\u00eda el\u00e9ctrica en un momento en donde existe alerta rojo por la ola de calor que azota a la CABA, lo que permite afirmar que, cuanto menos, el hecho encuadrar\u00eda en dicho delito mediante el dolo eventual\u00bb.<\/p>\n","protected":false},"excerpt":{"rendered":"<p>El Gobierno porte\u00f1o present\u00f3 este jueves una denuncia penal contra Edesur por el presunto abandono de persona con dolo eventual por los cortes de luz en la Ciudad de Buenos&hellip; <\/p>\n","protected":false},"author":4,"featured_media":47791,"comment_status":"closed","ping_status":"open","sticky":false,"template":"","format":"standard","meta":{"footnotes":""},"categories":[10],"tags":[],"class_list":["post-47782","post","type-post","status-publish","format-standard","has-post-thumbnail","hentry","category-nacionales"],"_links":{"self":[{"href":"https:\/\/corrientesdetarde.com\/index.php\/wp-json\/wp\/v2\/posts\/47782","targetHints":{"allow":["GET"]}}],"collection":[{"href":"https:\/\/corrientesdetarde.com\/index.php\/wp-json\/wp\/v2\/posts"}],"about":[{"href":"https:\/\/corrientesdetarde.com\/index.php\/wp-json\/wp\/v2\/types\/post"}],"author":[{"embeddable":true,"href":"https:\/\/corrientesdetarde.com\/index.php\/wp-json\/wp\/v2\/users\/4"}],"replies":[{"embeddable":true,"href":"https:\/\/corrientesdetarde.com\/index.php\/wp-json\/wp\/v2\/comments?post=47782"}],"version-history":[{"count":3,"href":"https:\/\/corrientesdetarde.com\/index.php\/wp-json\/wp\/v2\/posts\/47782\/revisions"}],"predecessor-version":[{"id":47794,"href":"https:\/\/corrientesdetarde.com\/index.php\/wp-json\/wp\/v2\/posts\/47782\/revisions\/47794"}],"wp:featuredmedia":[{"embeddable":true,"href":"https:\/\/corrientesdetarde.com\/index.php\/wp-json\/wp\/v2\/media\/47791"}],"wp:attachment":[{"href":"https:\/\/corrientesdetarde.com\/index.php\/wp-json\/wp\/v2\/media?parent=47782"}],"wp:term":[{"taxonomy":"category","embeddable":true,"href":"https:\/\/corrientesdetarde.com\/index.php\/wp-json\/wp\/v2\/categories?post=47782"},{"taxonomy":"post_tag","embeddable":true,"href":"https:\/\/corrientesdetarde.com\/index.php\/wp-json\/wp\/v2\/tags?post=47782"}],"curies":[{"name":"wp","href":"https:\/\/api.w.org\/{rel}","templated":true}]}}