{"id":47795,"date":"2023-03-17T09:54:22","date_gmt":"2023-03-17T12:54:22","guid":{"rendered":"https:\/\/corrientesdetarde.com\/?p=47795"},"modified":"2023-03-17T09:54:25","modified_gmt":"2023-03-17T12:54:25","slug":"un-delincuente-fue-detenido-con-una-notebook-y-varios-celulares-robados","status":"publish","type":"post","link":"https:\/\/corrientesdetarde.com\/index.php\/crimen-y-justicia\/un-delincuente-fue-detenido-con-una-notebook-y-varios-celulares-robados\/","title":{"rendered":"un delincuente fue detenido con una notebook y varios celulares robados"},"content":{"rendered":"\n<p>La Polic\u00eda atrap\u00f3 a un joven que ingres\u00f3 a un local comercial y rob\u00f3 varios elementos electr\u00f3nicos.<\/p>\n\n\n\n<p>Efectivos policiales de la Comisaria de Distrito Juan Pujol, en colaboraci\u00f3n con la Unidad Fiscal de Investigaci\u00f3n con asiento en Monte Caseros, atraparon a un joven de 23 a\u00f1os que rob\u00f3 de un local comercial varios elementos electr\u00f3nicos. La detenci\u00f3n se logr\u00f3 alrededor de las 10 de la ma\u00f1ana de este mi\u00e9rcoles, en un domicilio ubicado cerca del local robado.<\/p>\n\n\n\n<p>El procedimiento lo llevaron adelante a trav\u00e9s tareas investigativas que mostraron c\u00f3mo una persona de identidad desconocida habr\u00eda ingresado al interior de un local comercial, donde habr\u00eda sustra\u00eddo tel\u00e9fonos celulares, un parlante, varios cargadores, una notebook, entre otras cosas.&nbsp;<\/p>\n\n\n\n<p>Los polic\u00edas lograron hallar y secuestrar todos los aparatos tecnol\u00f3gicos y cosas denunciadas como sustra\u00eddas. As\u00ed tambi\u00e9n en el lugar lograron la demora de un hombre de 23 a\u00f1os quien conforme a la informaci\u00f3n e investigaci\u00f3n inicial tendr\u00eda relaci\u00f3n con el hecho.<\/p>\n\n\n\n<p>Al respecto, los elementos secuestrados y la persona demorada fueron trasladados hasta la citada dependencia y puestos a disposici\u00f3n de la justicia a fin de continuar con las diligencias del caso, con intervenci\u00f3n de las Autoridades judiciales en turno.<\/p>\n","protected":false},"excerpt":{"rendered":"<p>La Polic\u00eda atrap\u00f3 a un joven que ingres\u00f3 a un local comercial y rob\u00f3 varios elementos electr\u00f3nicos. Efectivos policiales de la Comisaria de Distrito Juan Pujol, en colaboraci\u00f3n con la&hellip; <\/p>\n","protected":false},"author":4,"featured_media":47796,"comment_status":"closed","ping_status":"open","sticky":false,"template":"","format":"standard","meta":{"footnotes":""},"categories":[5],"tags":[],"class_list":["post-47795","post","type-post","status-publish","format-standard","has-post-thumbnail","hentry","category-crimen-y-justicia"],"_links":{"self":[{"href":"https:\/\/corrientesdetarde.com\/index.php\/wp-json\/wp\/v2\/posts\/47795","targetHints":{"allow":["GET"]}}],"collection":[{"href":"https:\/\/corrientesdetarde.com\/index.php\/wp-json\/wp\/v2\/posts"}],"about":[{"href":"https:\/\/corrientesdetarde.com\/index.php\/wp-json\/wp\/v2\/types\/post"}],"author":[{"embeddable":true,"href":"https:\/\/corrientesdetarde.com\/index.php\/wp-json\/wp\/v2\/users\/4"}],"replies":[{"embeddable":true,"href":"https:\/\/corrientesdetarde.com\/index.php\/wp-json\/wp\/v2\/comments?post=47795"}],"version-history":[{"count":1,"href":"https:\/\/corrientesdetarde.com\/index.php\/wp-json\/wp\/v2\/posts\/47795\/revisions"}],"predecessor-version":[{"id":47797,"href":"https:\/\/corrientesdetarde.com\/index.php\/wp-json\/wp\/v2\/posts\/47795\/revisions\/47797"}],"wp:featuredmedia":[{"embeddable":true,"href":"https:\/\/corrientesdetarde.com\/index.php\/wp-json\/wp\/v2\/media\/47796"}],"wp:attachment":[{"href":"https:\/\/corrientesdetarde.com\/index.php\/wp-json\/wp\/v2\/media?parent=47795"}],"wp:term":[{"taxonomy":"category","embeddable":true,"href":"https:\/\/corrientesdetarde.com\/index.php\/wp-json\/wp\/v2\/categories?post=47795"},{"taxonomy":"post_tag","embeddable":true,"href":"https:\/\/corrientesdetarde.com\/index.php\/wp-json\/wp\/v2\/tags?post=47795"}],"curies":[{"name":"wp","href":"https:\/\/api.w.org\/{rel}","templated":true}]}}