{"id":47798,"date":"2023-03-17T09:59:27","date_gmt":"2023-03-17T12:59:27","guid":{"rendered":"https:\/\/corrientesdetarde.com\/?p=47798"},"modified":"2023-03-17T09:59:31","modified_gmt":"2023-03-17T12:59:31","slug":"reves-judicial-para-todas-las-personas-que-tienen-planes-de-ahorro-en-corrientes","status":"publish","type":"post","link":"https:\/\/corrientesdetarde.com\/index.php\/actualidad\/reves-judicial-para-todas-las-personas-que-tienen-planes-de-ahorro-en-corrientes\/","title":{"rendered":"Rev\u00e9s judicial para todas las personas que tienen Planes de Ahorro en Corrientes"},"content":{"rendered":"\n<p>La C\u00e1mara de Apelaciones en lo Civil y Comercial de la Ciudad de Corrientes decidi\u00f3 modificar la sentencia del Juzgado Civil y Comercial N 12 que hab\u00eda fallado a favor de los consumidores de Planes de Ahorro. &#8220;En esta instancia, las empresas podr\u00e1n aumentar el monto de las cuotas vulnerando los derechos de todos los trabajadores&#8221;, dijo el Defensor de los Vecinos, Agust\u00edn Payes.<\/p>\n\n\n\n<p>Luego de la decisi\u00f3n de la C\u00e1mara de Apelaciones en lo Civil y Comercial de Corrientes, las empresas Toyota y Chevrolet podr\u00e1n aumentar el valor de sus cuotas, poniendo en peligro la situaci\u00f3n de los ahorristas.<\/p>\n\n\n\n<p>El defensor de los vecinos de la Ciudad de Corrientes, Agust\u00edn Payes, manifest\u00f3 su preocupaci\u00f3n ante el rev\u00e9s judicial y sostuvo que &#8220;la mayor\u00eda de los ahorristas que se acercaron a la Defensor\u00eda son personas trabajadoras que utilizan los veh\u00edculos como \u00fanico medio de transporte y otros como herramienta de trabajo&#8221;.<\/p>\n\n\n\n<p>La C\u00e1mara modific\u00f3 la sentencia del Juzgado revocando la medida colectiva y de esta manera se sienta precedente en contra de los ahorristas y consumidores finales de planes de ahorro.<\/p>\n\n\n\n<p>&#8220;Este fallo da por terminada la medida cautelar colectiva que se otorg\u00f3 en primera instancia. A partir de esto, las empresas podr\u00e1n cobrar el monto de la cuota de acuerdo a lo que les parezca, dejando a los ahorristas en absoluto estado de vulnerabilidad&#8221;, insisti\u00f3 Payes.<\/p>\n\n\n\n<p>&#8220;La actividad se inici\u00f3 en 2019 cuando las cuotas de los planes de ahorro comenzaron a crecer de manera exponencial y la Defensor\u00eda de los Vecinos interpuso distintos expedientes con ahorristas, mostrando el ejemplo del perjuicio que se ocasionaba a las personas con el incremento de las cuotas&#8221;, explic\u00f3.<\/p>\n\n\n\n<p>Ante esta situaci\u00f3n, Payes adelant\u00f3 que se apelar\u00e1 la medida para que sea revisada por el Superior Tribunal de Justicia o en \u00faltima instancia, a la Corte Suprema de Justicia de la Naci\u00f3n.<\/p>\n","protected":false},"excerpt":{"rendered":"<p>La C\u00e1mara de Apelaciones en lo Civil y Comercial de la Ciudad de Corrientes decidi\u00f3 modificar la sentencia del Juzgado Civil y Comercial N 12 que hab\u00eda fallado a favor&hellip; <\/p>\n","protected":false},"author":4,"featured_media":47801,"comment_status":"closed","ping_status":"open","sticky":false,"template":"","format":"standard","meta":{"footnotes":""},"categories":[23],"tags":[],"class_list":["post-47798","post","type-post","status-publish","format-standard","has-post-thumbnail","hentry","category-actualidad"],"_links":{"self":[{"href":"https:\/\/corrientesdetarde.com\/index.php\/wp-json\/wp\/v2\/posts\/47798","targetHints":{"allow":["GET"]}}],"collection":[{"href":"https:\/\/corrientesdetarde.com\/index.php\/wp-json\/wp\/v2\/posts"}],"about":[{"href":"https:\/\/corrientesdetarde.com\/index.php\/wp-json\/wp\/v2\/types\/post"}],"author":[{"embeddable":true,"href":"https:\/\/corrientesdetarde.com\/index.php\/wp-json\/wp\/v2\/users\/4"}],"replies":[{"embeddable":true,"href":"https:\/\/corrientesdetarde.com\/index.php\/wp-json\/wp\/v2\/comments?post=47798"}],"version-history":[{"count":1,"href":"https:\/\/corrientesdetarde.com\/index.php\/wp-json\/wp\/v2\/posts\/47798\/revisions"}],"predecessor-version":[{"id":47802,"href":"https:\/\/corrientesdetarde.com\/index.php\/wp-json\/wp\/v2\/posts\/47798\/revisions\/47802"}],"wp:featuredmedia":[{"embeddable":true,"href":"https:\/\/corrientesdetarde.com\/index.php\/wp-json\/wp\/v2\/media\/47801"}],"wp:attachment":[{"href":"https:\/\/corrientesdetarde.com\/index.php\/wp-json\/wp\/v2\/media?parent=47798"}],"wp:term":[{"taxonomy":"category","embeddable":true,"href":"https:\/\/corrientesdetarde.com\/index.php\/wp-json\/wp\/v2\/categories?post=47798"},{"taxonomy":"post_tag","embeddable":true,"href":"https:\/\/corrientesdetarde.com\/index.php\/wp-json\/wp\/v2\/tags?post=47798"}],"curies":[{"name":"wp","href":"https:\/\/api.w.org\/{rel}","templated":true}]}}