{"id":47951,"date":"2023-03-17T15:23:14","date_gmt":"2023-03-17T18:23:14","guid":{"rendered":"https:\/\/corrientesdetarde.com\/?p=47951"},"modified":"2023-03-17T15:23:18","modified_gmt":"2023-03-17T18:23:18","slug":"copa-libertadores-confirmaron-los-32-equipos-y-grupos","status":"publish","type":"post","link":"https:\/\/corrientesdetarde.com\/index.php\/deportes\/copa-libertadores-confirmaron-los-32-equipos-y-grupos\/","title":{"rendered":"Copa Libertadores: confirmaron los 32 equipos y grupos"},"content":{"rendered":"\n<p>Este jueves quedaron confirmados los 32 equipos clasificados a la Copa Libertadores 2023. Todos los detalles.<\/p>\n\n\n\n<p>Este jueves se cerr\u00f3 la fase previa de la&nbsp;Copa Libertadores 2023&nbsp;y quedaron definidos los 32 equipos que disputar\u00e1n la fase de grupos del certamen continental que comenzar\u00e1 en abril.<\/p>\n\n\n\n<p>River, Boca, Racing, Argentinos y Patronato&nbsp;son los representantes argentinos, luego que&nbsp;Hurac\u00e1n&nbsp;quedara eliminado en el repechaje a manos de Sporting Cristal.<\/p>\n\n\n\n<p>Resta conocer c\u00f3mo quedar\u00e1n conformados los grupos, a partir del sorteo. Como en las \u00faltimas ediciones,&nbsp;los dos primeros de cada zona avanzar\u00e1n a octavos de final; mientras que los terceros pasar\u00e1n a la Copa Sudamericana.<\/p>\n\n\n\n<h2 class=\"wp-block-heading\"><strong>Cu\u00e1ndo es el sorteo de la Copa Libertadores<\/strong><\/h2>\n\n\n\n<p>El&nbsp;sorteo de la fase de grupos de la Copa Libertadores 2023&nbsp;se llevar\u00e1 a cabo el&nbsp;lunes 27 de marzo, con horario a confirmar.<\/p>\n\n\n\n<p>El mismo ordenar\u00e1 a los&nbsp;32 equipos clasificados en ocho grupos de cuatro equipos cada uno.<\/p>\n\n\n\n<p>Los 32 equipos clasificados y los diferentes bombos<br><strong>Bombo 1<\/strong><\/p>\n\n\n\n<p>Flamengo<br>River<br>Palmeiras<br>Boca<br>Nacional (Uruguay)<br>Paranaense<br>Independiente del Valle<br>Olimpia<\/p>\n\n\n\n<p><strong>Bombo 2:<\/strong><\/p>\n\n\n\n<p>Libertad (Paraguay)<br>Atl\u00e9tico Nacional<br>Internacional<br>Barcelona<br>Racing<br>Corinthians<br>Colo-Colo<br>Fluminense<\/p>\n\n\n\n<p><strong>Bombo 3:<\/strong><\/p>\n\n\n\n<p>Bolivar<br>The Strongest<br>Melgar<br>Alianza Lima<br>Argentinos<br>Metropolitanos<br>Aucas<br>Monagas<\/p>\n\n\n\n<p><strong>Bombo 4:<\/strong><\/p>\n\n\n\n<p>Liverpool<br>Deportivo Pereira<br>\u00d1ublense<br>Patronato<br>Atl\u00e9tico Mineiro<br>Independiente Medell\u00edn<br>Sporting Cristal<br>Cerro Porte\u00f1o<\/p>\n\n\n\n<h2 class=\"wp-block-heading\"><strong>Cu\u00e1ndo empieza la fase de grupos de la Copa Libertadores 2023<\/strong><\/h2>\n\n\n\n<p>La presente Copa Libertadores arranc\u00f3 el pasado 7 de febrero con la primera instancia del Repechaje (fase 1). Posteriormente, la fase 2 se llev\u00f3 a cabo entre el 21 de febrero y el 2 de marzo y la fase 3 se disput\u00f3 entre el 7 de marzo y este jueves 17.<\/p>\n\n\n\n<h2 class=\"wp-block-heading\"><strong>Cronograma de la Copa Libertadores<\/strong><\/h2>\n\n\n\n<p>Fase de grupos: entre el 4 de abril y el 29 de junio<br>Octavos de final: entre el 18 y el 27 de julio.<br>Cuartos de final: entre el 22 y el 31 de agosto,<br>Semifinales: entre el 26 de septiembre y el 5 de octubre<br>La final ser\u00e1 el 11 de noviembre.<\/p>\n\n\n\n<h2 class=\"wp-block-heading\"><strong>C\u00f3mo ver en vivo el sorteo de la Copa Libertadores<\/strong><\/h2>\n\n\n\n<p>A\u00fan con horario a confirmar, como siempre el sorteo de la&nbsp;Copa Libertadores&nbsp;ser\u00e1 transmitido en vivo por la se\u00f1al de cable&nbsp;ESPN.<\/p>\n\n\n\n<figure class=\"wp-block-image size-large\"><img loading=\"lazy\" decoding=\"async\" width=\"1024\" height=\"576\" src=\"https:\/\/corrientesdetarde.com\/wp-content\/uploads\/2023\/03\/image-633-1024x576.png\" alt=\"\" class=\"wp-image-47952\" srcset=\"https:\/\/corrientesdetarde.com\/wp-content\/uploads\/2023\/03\/image-633-1024x576.png 1024w, https:\/\/corrientesdetarde.com\/wp-content\/uploads\/2023\/03\/image-633-300x169.png 300w, https:\/\/corrientesdetarde.com\/wp-content\/uploads\/2023\/03\/image-633-768x432.png 768w, https:\/\/corrientesdetarde.com\/wp-content\/uploads\/2023\/03\/image-633-1536x864.png 1536w, https:\/\/corrientesdetarde.com\/wp-content\/uploads\/2023\/03\/image-633.png 1952w\" sizes=\"auto, (max-width: 1024px) 100vw, 1024px\" \/><\/figure>\n","protected":false},"excerpt":{"rendered":"<p>Este jueves quedaron confirmados los 32 equipos clasificados a la Copa Libertadores 2023. Todos los detalles. Este jueves se cerr\u00f3 la fase previa de la&nbsp;Copa Libertadores 2023&nbsp;y quedaron definidos los&hellip; <\/p>\n","protected":false},"author":8,"featured_media":47952,"comment_status":"closed","ping_status":"open","sticky":false,"template":"","format":"standard","meta":{"footnotes":""},"categories":[4],"tags":[],"class_list":["post-47951","post","type-post","status-publish","format-standard","has-post-thumbnail","hentry","category-deportes"],"_links":{"self":[{"href":"https:\/\/corrientesdetarde.com\/index.php\/wp-json\/wp\/v2\/posts\/47951","targetHints":{"allow":["GET"]}}],"collection":[{"href":"https:\/\/corrientesdetarde.com\/index.php\/wp-json\/wp\/v2\/posts"}],"about":[{"href":"https:\/\/corrientesdetarde.com\/index.php\/wp-json\/wp\/v2\/types\/post"}],"author":[{"embeddable":true,"href":"https:\/\/corrientesdetarde.com\/index.php\/wp-json\/wp\/v2\/users\/8"}],"replies":[{"embeddable":true,"href":"https:\/\/corrientesdetarde.com\/index.php\/wp-json\/wp\/v2\/comments?post=47951"}],"version-history":[{"count":1,"href":"https:\/\/corrientesdetarde.com\/index.php\/wp-json\/wp\/v2\/posts\/47951\/revisions"}],"predecessor-version":[{"id":47953,"href":"https:\/\/corrientesdetarde.com\/index.php\/wp-json\/wp\/v2\/posts\/47951\/revisions\/47953"}],"wp:featuredmedia":[{"embeddable":true,"href":"https:\/\/corrientesdetarde.com\/index.php\/wp-json\/wp\/v2\/media\/47952"}],"wp:attachment":[{"href":"https:\/\/corrientesdetarde.com\/index.php\/wp-json\/wp\/v2\/media?parent=47951"}],"wp:term":[{"taxonomy":"category","embeddable":true,"href":"https:\/\/corrientesdetarde.com\/index.php\/wp-json\/wp\/v2\/categories?post=47951"},{"taxonomy":"post_tag","embeddable":true,"href":"https:\/\/corrientesdetarde.com\/index.php\/wp-json\/wp\/v2\/tags?post=47951"}],"curies":[{"name":"wp","href":"https:\/\/api.w.org\/{rel}","templated":true}]}}