{"id":48125,"date":"2023-03-19T09:59:09","date_gmt":"2023-03-19T12:59:09","guid":{"rendered":"https:\/\/corrientesdetarde.com\/?p=48125"},"modified":"2023-03-19T09:59:14","modified_gmt":"2023-03-19T12:59:14","slug":"le-enviaron-el-telegrama-de-despido-y-dos-dias-despues-fue-a-robar-a-su-trabajo","status":"publish","type":"post","link":"https:\/\/corrientesdetarde.com\/index.php\/policiales\/le-enviaron-el-telegrama-de-despido-y-dos-dias-despues-fue-a-robar-a-su-trabajo\/","title":{"rendered":"Le enviaron el telegrama de despido y dos d\u00edas despu\u00e9s fue a robar a su trabajo"},"content":{"rendered":"\n<p>El hombre de 32 a\u00f1os qued\u00f3 filmado por las c\u00e1maras de seguridad de una confiter\u00eda y los due\u00f1os lo reconocieron al instante.<\/p>\n\n\n\n<p>La polic\u00eda detuvo en las \u00faltimas horas a un &#8220;empleado infiel&#8221; que rob\u00f3 30 mil pesos de su propio trabajo. El hombre de 32 a\u00f1os habr\u00eda actuado a modo de venganza, ya que d\u00edas antes le hab\u00edan notificado que iba a ser despedido.<\/p>\n\n\n\n<p>&nbsp;El hecho se produjo el 1 de marzo, en la confiter\u00eda &#8220;Aromas&#8221;, ubicada en Diagonal 73 entre 36 y 26, en la ciudad de La Plata. Ese d\u00eda, uno de los propietarios del lugar fue a comenzar la jornada laboral, abri\u00f3 las puertas y se dio cuenta de que faltaba una cajita met\u00e1lica en la que guardaban dinero.<\/p>\n\n\n\n<p>Al revisar las c\u00e1maras de seguridad, descubri\u00f3 que el ladr\u00f3n era su empleado, a quien le hab\u00edan enviado un telegrama de despido que dec\u00eda que en 30 d\u00edas deb\u00eda abandonar su puesto laboral. A ra\u00edz de este hecho, decidieron hacer la denuncia en la comisar\u00eda 4\u00b0.<\/p>\n\n\n\n<p>El hombre utiliz\u00f3 las llaves del local para entrar sigilosamente durante la madrugada. &#8220;Pese a no ser encargado, ese d\u00eda se ofreci\u00f3 de manera voluntaria para cerrar el comercio, por eso ten\u00eda acceso al mismo&#8221;, dijo un vocero de la investigaci\u00f3n.<\/p>\n\n\n\n<p>Tambi\u00e9n se vio el momento en el que el delincuente tom\u00f3 la caja, donde hab\u00eda alrededor de $30.000, que los due\u00f1os hab\u00edan dejado como parte del cambio. Segundos despu\u00e9s, el hombre huy\u00f3 por la puerta delantera.<\/p>\n\n\n\n<p>Luego de comprobar su identidad, la fiscal\u00eda N\u00b0 8 de La Plata orden\u00f3 la detenci\u00f3n del acusado, la cual se hizo efectiva este jueves por la tarde en la zona de 35 entre 18 y 19, domicilio donde vive el delincuente.<\/p>\n\n\n\n<p>Los detectives secuestraron un gorro de lana y unas zapatillas que fueron usadas al momento del robo. Ambas prendas servir\u00e1n como prueba en su contra. Se lo acusa del delito de &#8220;hurto agravado bajo la modalidad de empleado infiel&#8221;.<\/p>\n","protected":false},"excerpt":{"rendered":"<p>El hombre de 32 a\u00f1os qued\u00f3 filmado por las c\u00e1maras de seguridad de una confiter\u00eda y los due\u00f1os lo reconocieron al instante. La polic\u00eda detuvo en las \u00faltimas horas a&hellip; <\/p>\n","protected":false},"author":4,"featured_media":48168,"comment_status":"closed","ping_status":"open","sticky":false,"template":"","format":"standard","meta":{"footnotes":""},"categories":[33],"tags":[],"class_list":["post-48125","post","type-post","status-publish","format-standard","has-post-thumbnail","hentry","category-policiales"],"_links":{"self":[{"href":"https:\/\/corrientesdetarde.com\/index.php\/wp-json\/wp\/v2\/posts\/48125","targetHints":{"allow":["GET"]}}],"collection":[{"href":"https:\/\/corrientesdetarde.com\/index.php\/wp-json\/wp\/v2\/posts"}],"about":[{"href":"https:\/\/corrientesdetarde.com\/index.php\/wp-json\/wp\/v2\/types\/post"}],"author":[{"embeddable":true,"href":"https:\/\/corrientesdetarde.com\/index.php\/wp-json\/wp\/v2\/users\/4"}],"replies":[{"embeddable":true,"href":"https:\/\/corrientesdetarde.com\/index.php\/wp-json\/wp\/v2\/comments?post=48125"}],"version-history":[{"count":1,"href":"https:\/\/corrientesdetarde.com\/index.php\/wp-json\/wp\/v2\/posts\/48125\/revisions"}],"predecessor-version":[{"id":48169,"href":"https:\/\/corrientesdetarde.com\/index.php\/wp-json\/wp\/v2\/posts\/48125\/revisions\/48169"}],"wp:featuredmedia":[{"embeddable":true,"href":"https:\/\/corrientesdetarde.com\/index.php\/wp-json\/wp\/v2\/media\/48168"}],"wp:attachment":[{"href":"https:\/\/corrientesdetarde.com\/index.php\/wp-json\/wp\/v2\/media?parent=48125"}],"wp:term":[{"taxonomy":"category","embeddable":true,"href":"https:\/\/corrientesdetarde.com\/index.php\/wp-json\/wp\/v2\/categories?post=48125"},{"taxonomy":"post_tag","embeddable":true,"href":"https:\/\/corrientesdetarde.com\/index.php\/wp-json\/wp\/v2\/tags?post=48125"}],"curies":[{"name":"wp","href":"https:\/\/api.w.org\/{rel}","templated":true}]}}