{"id":48155,"date":"2023-03-19T09:17:56","date_gmt":"2023-03-19T12:17:56","guid":{"rendered":"https:\/\/corrientesdetarde.com\/?p=48155"},"modified":"2023-03-19T09:25:06","modified_gmt":"2023-03-19T12:25:06","slug":"cuando-sera-el-proximo-feriado-en-la-argentina","status":"publish","type":"post","link":"https:\/\/corrientesdetarde.com\/index.php\/nacionales\/cuando-sera-el-proximo-feriado-en-la-argentina\/","title":{"rendered":"\u00bfcu\u00e1ndo ser\u00e1 el pr\u00f3ximo feriado en la Argentina?"},"content":{"rendered":"\n<p>Se trata de una fecha inamovible que se conmemorar\u00e1 el pr\u00f3ximo viernes.<\/p>\n\n\n\n<p>Despu\u00e9s del fin de semana extralargo de Carnaval, el feriado del mes de marzo resultar\u00e1 en un fin de semana largo que empezar\u00e1 el viernes 24 de marzo y se extender\u00e1 hasta el domingo 26.<\/p>\n\n\n\n<p>Se trata de la conmemoraci\u00f3n por el D\u00eda Nacional de la Memoria por la Verdad y la Justicia que fue promulgada a trav\u00e9s de la Ley Nacional 25.633, con el objetivo de recordar a &#8220;quienes resultaron v\u00edctimas del proceso iniciado en esa fecha del a\u00f1o 1976&#8221;.&nbsp;<\/p>\n\n\n\n<p>A su vez, fue declarada inamovible, por lo que no se prev\u00e9 transformarlo en feriado puente y no se extender\u00e1 al fin de semana.&nbsp;<\/p>\n","protected":false},"excerpt":{"rendered":"<p>Se trata de una fecha inamovible que se conmemorar\u00e1 el pr\u00f3ximo viernes. Despu\u00e9s del fin de semana extralargo de Carnaval, el feriado del mes de marzo resultar\u00e1 en un fin&hellip; <\/p>\n","protected":false},"author":4,"featured_media":48156,"comment_status":"closed","ping_status":"open","sticky":false,"template":"","format":"standard","meta":{"footnotes":""},"categories":[10],"tags":[],"class_list":["post-48155","post","type-post","status-publish","format-standard","has-post-thumbnail","hentry","category-nacionales"],"_links":{"self":[{"href":"https:\/\/corrientesdetarde.com\/index.php\/wp-json\/wp\/v2\/posts\/48155","targetHints":{"allow":["GET"]}}],"collection":[{"href":"https:\/\/corrientesdetarde.com\/index.php\/wp-json\/wp\/v2\/posts"}],"about":[{"href":"https:\/\/corrientesdetarde.com\/index.php\/wp-json\/wp\/v2\/types\/post"}],"author":[{"embeddable":true,"href":"https:\/\/corrientesdetarde.com\/index.php\/wp-json\/wp\/v2\/users\/4"}],"replies":[{"embeddable":true,"href":"https:\/\/corrientesdetarde.com\/index.php\/wp-json\/wp\/v2\/comments?post=48155"}],"version-history":[{"count":1,"href":"https:\/\/corrientesdetarde.com\/index.php\/wp-json\/wp\/v2\/posts\/48155\/revisions"}],"predecessor-version":[{"id":48157,"href":"https:\/\/corrientesdetarde.com\/index.php\/wp-json\/wp\/v2\/posts\/48155\/revisions\/48157"}],"wp:featuredmedia":[{"embeddable":true,"href":"https:\/\/corrientesdetarde.com\/index.php\/wp-json\/wp\/v2\/media\/48156"}],"wp:attachment":[{"href":"https:\/\/corrientesdetarde.com\/index.php\/wp-json\/wp\/v2\/media?parent=48155"}],"wp:term":[{"taxonomy":"category","embeddable":true,"href":"https:\/\/corrientesdetarde.com\/index.php\/wp-json\/wp\/v2\/categories?post=48155"},{"taxonomy":"post_tag","embeddable":true,"href":"https:\/\/corrientesdetarde.com\/index.php\/wp-json\/wp\/v2\/tags?post=48155"}],"curies":[{"name":"wp","href":"https:\/\/api.w.org\/{rel}","templated":true}]}}