{"id":48241,"date":"2023-03-19T20:40:43","date_gmt":"2023-03-19T23:40:43","guid":{"rendered":"https:\/\/corrientesdetarde.com\/?p=48241"},"modified":"2023-03-19T20:40:46","modified_gmt":"2023-03-19T23:40:46","slug":"este-lunes-se-realizara-el-anuncio-del-acto-oficial-en-conmemoracion-al-41-aniversario-de-la-guerra-de-malvinas","status":"publish","type":"post","link":"https:\/\/corrientesdetarde.com\/index.php\/eventos\/este-lunes-se-realizara-el-anuncio-del-acto-oficial-en-conmemoracion-al-41-aniversario-de-la-guerra-de-malvinas\/","title":{"rendered":"Este lunes se realizar\u00e1 el anuncio del acto oficial en conmemoraci\u00f3n al 41\u00b0 aniversario de la Guerra de Malvinas"},"content":{"rendered":"\n<p>Este lunes 20 de marzo a las 10 en el sal\u00f3n Verde de Casa de Gobierno se llevar\u00e1 a cabo el anuncio del  acto oficial en conmemoraci\u00f3n al 41\u00ba aniversario de la Guerra de Malvinas que se realizar\u00e1 el 2 de abril en la ciudad de Goya.<\/p>\n\n\n<div class=\"wp-block-image\">\n<figure class=\"aligncenter size-full\"><img loading=\"lazy\" decoding=\"async\" width=\"670\" height=\"420\" src=\"https:\/\/corrientesdetarde.com\/wp-content\/uploads\/2023\/03\/image-660.png\" alt=\"\" class=\"wp-image-48243\" srcset=\"https:\/\/corrientesdetarde.com\/wp-content\/uploads\/2023\/03\/image-660.png 670w, https:\/\/corrientesdetarde.com\/wp-content\/uploads\/2023\/03\/image-660-300x188.png 300w\" sizes=\"auto, (max-width: 670px) 100vw, 670px\" \/><\/figure>\n<\/div>","protected":false},"excerpt":{"rendered":"<p>Este lunes 20 de marzo a las 10 en el sal\u00f3n Verde de Casa de Gobierno se llevar\u00e1 a cabo el anuncio del acto oficial en conmemoraci\u00f3n al 41\u00ba aniversario&hellip; <\/p>\n","protected":false},"author":1,"featured_media":48242,"comment_status":"closed","ping_status":"open","sticky":false,"template":"","format":"standard","meta":{"footnotes":""},"categories":[22],"tags":[],"class_list":["post-48241","post","type-post","status-publish","format-standard","has-post-thumbnail","hentry","category-eventos"],"_links":{"self":[{"href":"https:\/\/corrientesdetarde.com\/index.php\/wp-json\/wp\/v2\/posts\/48241","targetHints":{"allow":["GET"]}}],"collection":[{"href":"https:\/\/corrientesdetarde.com\/index.php\/wp-json\/wp\/v2\/posts"}],"about":[{"href":"https:\/\/corrientesdetarde.com\/index.php\/wp-json\/wp\/v2\/types\/post"}],"author":[{"embeddable":true,"href":"https:\/\/corrientesdetarde.com\/index.php\/wp-json\/wp\/v2\/users\/1"}],"replies":[{"embeddable":true,"href":"https:\/\/corrientesdetarde.com\/index.php\/wp-json\/wp\/v2\/comments?post=48241"}],"version-history":[{"count":1,"href":"https:\/\/corrientesdetarde.com\/index.php\/wp-json\/wp\/v2\/posts\/48241\/revisions"}],"predecessor-version":[{"id":48244,"href":"https:\/\/corrientesdetarde.com\/index.php\/wp-json\/wp\/v2\/posts\/48241\/revisions\/48244"}],"wp:featuredmedia":[{"embeddable":true,"href":"https:\/\/corrientesdetarde.com\/index.php\/wp-json\/wp\/v2\/media\/48242"}],"wp:attachment":[{"href":"https:\/\/corrientesdetarde.com\/index.php\/wp-json\/wp\/v2\/media?parent=48241"}],"wp:term":[{"taxonomy":"category","embeddable":true,"href":"https:\/\/corrientesdetarde.com\/index.php\/wp-json\/wp\/v2\/categories?post=48241"},{"taxonomy":"post_tag","embeddable":true,"href":"https:\/\/corrientesdetarde.com\/index.php\/wp-json\/wp\/v2\/tags?post=48241"}],"curies":[{"name":"wp","href":"https:\/\/api.w.org\/{rel}","templated":true}]}}