{"id":48259,"date":"2023-03-20T06:45:00","date_gmt":"2023-03-20T09:45:00","guid":{"rendered":"https:\/\/corrientesdetarde.com\/?p=48259"},"modified":"2023-03-20T06:45:04","modified_gmt":"2023-03-20T09:45:04","slug":"tension-entre-alberto-fernandez-y-sergio-massa-un-llamado-y-una-advertencia-inquietante","status":"publish","type":"post","link":"https:\/\/corrientesdetarde.com\/index.php\/nacionales\/tension-entre-alberto-fernandez-y-sergio-massa-un-llamado-y-una-advertencia-inquietante\/","title":{"rendered":"<strong>Tensi\u00f3n entre Alberto Fern\u00e1ndez y Sergio Massa: un llamado y una advertencia inquietante<\/strong>"},"content":{"rendered":"\n<p>El ministro se comunic\u00f3 con el Presidente al regreso de Panam\u00e1. Detalles de una conversaci\u00f3n dura y un mensaje: \u201cYo no soy Guzm\u00e1n\u201d. Qui\u00e9nes son \u201clos machitos del off the record\u201d, en medio de la feroz interna del Gobierno. En la oposici\u00f3n: la \u201cbomba de Carri\u00f3\u201d, Macri y el \u201calmuerzo de familia\u201d de Patricia Bullrich<\/p>\n\n\n\n<p>El llamado ocurri\u00f3 apenas puso un pie en Buenos Aires, despu\u00e9s de bajar del avi\u00f3n que lo trajo de Panam\u00e1, adonde viaj\u00f3 para participar de la asamblea anual del BID.&nbsp;<strong>Sergio Massa<\/strong>&nbsp;estaba furioso porque entend\u00eda que mucho de lo que se hab\u00eda publicado y dicho en los medios en su contra ten\u00edan una \u00fanica terminal: \u201claderos\u201d de&nbsp;<strong>Alberto Fern\u00e1ndez<\/strong>.<\/p>\n\n\n\n<p>Testigos de la llamada telef\u00f3nica entre el Presidente y el ministro admitieron que el tono fue m\u00e1s que tenso . \u201cNo atajan ni un quilombo y boludean jugando a los soldaditos. S\u00e9 qui\u00e9nes dan estos off the r\u00e9cord y les voy a contestar como corresponde, con acci\u00f3n pol\u00edtica\u201d, aseguran que le dijo, palabra m\u00e1s palabra menos, Massa al Presidente.<\/p>\n\n\n\n<p>Esa conversaci\u00f3n -de la que este medio pudo confirmar sus trazos gruesos- expone el mal momento que atraviesa la relaci\u00f3n entre Alberto Fern\u00e1ndez y el ministro de Econom\u00eda, una pieza decisiva de la administraci\u00f3n, que es apoyado por<strong>&nbsp;Cristina Kirchner<\/strong>&nbsp;y&nbsp;<strong>La C\u00e1mpora<\/strong>&nbsp;y es reconocido por el&nbsp;<em>c\u00edrculo rojo<\/em>&nbsp;como un factor de estabilidad en una econom\u00eda que acumula tensiones y desequilibrios.<\/p>\n\n\n\n<p>Es al mismo tiempo una discusi\u00f3n inoportuna, mientras la sequ\u00eda hist\u00f3rica pega con toda la fuerza -estiman que las p\u00e9rdidas superar\u00e1n los 20 mil millones de d\u00f3lares- la \u00faltima medici\u00f3n de la inflaci\u00f3n escal\u00f3 al 6,6% y la actividad empez\u00f3 a mostrar signos de fatiga e incluso de agotamiento. Con d\u00f3lares escasos y caros y presi\u00f3n social en las calles -sean piqueteros o v\u00edctimas de apagones-, \u201c<em>el horno no est\u00e1 bollos<\/em>\u201d. Pero en la c\u00faspide del Poder algunos parecen dispuestos a acercar alg\u00fan fueguito que otro.<\/p>\n\n\n\n<p>Este fen\u00f3meno no es exclusivo de la coalici\u00f3n de gobierno. Tambi\u00e9n en la oposici\u00f3n se multiplican los frentes de conflictos y las relaciones entre antiguos socios crujen, al punto que se ponen al borde de la ruptura. Lo que ocurri\u00f3 en la alianza opositora en Santa Fe o las tensiones entre los candidatos del PRO de este fin de semana son apenas un bot\u00f3n de muestra.<\/p>\n\n\n\n<p>En pol\u00edtica, las discusiones hoy se dan a cielo abierto. Lo cierto es que en medio de las cr\u00edticas de la oposici\u00f3n por la inflaci\u00f3n -la portavoz del Gobierno, Gabriela Cerruti, dijo que fue un \u201cdato mal\u00edsimo\u201d- Massa interpret\u00f3 que hubo \u201cfiltraciones\u201d que buscaron debilitarlo y que esas usinas ten\u00edan origen en el entorno presidencial.<\/p>\n\n\n\n<p>Aunque Massa insiste con que no es candidato, en el oficialismo hay sectores -incluso cercanos a la Vicepresidenta- que le reconocen a\u00fan potencialidad electoral. Depende de que en la carrera entre salarios y precios los segundos no sigan siendo primeros (y por varios cuerpos). Pero adem\u00e1s, debe cumplir la prestaci\u00f3n principal que se espera del tigrense: que lleve al maltrecho barco del oficialismo al puerto del 10 de diciembre. Hoy, una enormidad.<\/p>\n\n\n\n<p>En simult\u00e1neo, la presi\u00f3n para que Alberto Fern\u00e1ndez se baje de su proyecto reeleccionista que ejercen Cristina Kirchner -ma\u00f1ana reaparecer\u00e1 en el CCK con el Grupo de Puebla- y La C\u00e1mpora viene creciendo en intensidad. Pero es enfrentada por el presidente con una suerte de \u201cresistencia pac\u00edfica\u201d que debilita, principalmente, a la Vicepresidenta y su grupo.<\/p>\n\n\n\n<p><strong>Los machitos del off<\/strong><\/p>\n\n\n\n<p>Massa hab\u00eda usado la misma frase que reapareci\u00f3 ahora cuando en marzo del a\u00f1o pasado se aprob\u00f3 en Diputados el acuerdo con el FMI y aparecieron lo que \u00e9l entend\u00eda eran \u201coperaciones\u201d en su contra. \u201cA veces veo notas que citan en off a hombres que hablan en nombre del presidente y despu\u00e9s hablo con el presidente y no piensa eso. Hay mucho&nbsp;<strong>macho del off the record&nbsp;<\/strong>que despu\u00e9s no tiene la valent\u00eda de plantear las diferencias en voz alta\u201d, dijo en un estudio de televisi\u00f3n en esa oportunidad.<\/p>\n\n\n\n<p>En la conversaci\u00f3n de este domingo con Alberto Fern\u00e1ndez, despu\u00e9s de regresar de Panam\u00e1, reapareci\u00f3, en otro contexto, lo mismo. \u201cHay machitos del off the r\u00e9cord que despu\u00e9s vienen a mi oficina y me piden que le diga al Presidente que se baje de su candidatura\u201d, le habr\u00eda dicho Massa al Presidente, seg\u00fan pudo saber este medio de fuentes calificadas.<\/p>\n\n\n\n<p>Pero la advertencia m\u00e1s dura tuvo que ver con un antecedente inc\u00f3modo para Alberto Fern\u00e1ndez, como fue la renuncia s\u00fabita de Mart\u00edn Guzm\u00e1n, el ministro de Econom\u00eda al que defendi\u00f3 a capa y espada frente a los embates del kirchnerismo y de la mayor parte del Frente de Todos. Y que un fin de semana, sorprendi\u00f3 al pa\u00eds con la publicaci\u00f3n en Twitter de su renuncia.<\/p>\n\n\n\n<p>Seg\u00fan pudo reconstruir&nbsp;<strong>Infobae<\/strong>, Massa le habr\u00eda dicho a Alberto Fern\u00e1ndez:&nbsp;<strong>\u201cYo no soy Guzm\u00e1n. Soy uno de los jefes de esta coalici\u00f3n pol\u00edtica.&nbsp;<\/strong>Si creen que en la fantas\u00eda reeleccionista me van a limar por miedo, voy a dejar de ser s\u00f3lo el bombero que les apag\u00f3 el incendio\u201d.<\/p>\n\n\n\n<p>Una frase inquietante que dispara miles de interpretaciones. Son dudas que quedan, por ahora, sin respuesta. En el entorno del l\u00edder del Frente Renovador evitaron referirse a esas conversaciones y, menos, a dar nombres de los supuestos \u201cmachitos del off the record\u201d. De todos modos, los que todav\u00eda responden en el Gobierno de manera vertical a Alberto Fern\u00e1ndez son pocos.<\/p>\n\n\n\n<p>Como cierre de ese di\u00e1logo \u00e1spero, Massa habr\u00eda transmitido: \u201cLos off the r\u00e9cord de algunos los voy a contestar con acci\u00f3n pol\u00edtica, ejerciendo mis funciones\u201d.<\/p>\n\n\n\n<p><strong>En la oposici\u00f3n<\/strong><\/p>\n\n\n\n<p>La discordia no es, de todos modos, patrimonio exclusivo de la alianza de gobierno. En la oposici\u00f3n reinan tambi\u00e9n las tensiones y los codazos entre los que sienten con alguna chance de sentarse en el \u201csill\u00f3n de Rivadavia\u201d o, al menos, tener un despacho oficial a partir del pr\u00f3ximo mes de diciembre.<\/p>\n\n\n\n<p>La \u201cbomba\u201d que tir\u00f3 Elisa Carri\u00f3 el s\u00e1bado, cuando rompi\u00f3 con el \u201cFrente de Frentes\u201d de Santa Fe denunciando \u201cv\u00ednculos con los narcos\u201d, dej\u00f3 estupefactos a los integrantes de la coalici\u00f3n opositora que tiene chances ciertas de derrotar al peronismo que gobierna hoy con Omar Perotti, que mostr\u00f3 escasa eficacia por combatir las mafias y el tr\u00e1fico de drogas. Ocurri\u00f3 poco antes de la llegada de&nbsp;<strong>Mauricio Macri&nbsp;<\/strong>a Rosario, donde estar\u00e1 hoy para la presentaci\u00f3n de su libro \u201cPara Qu\u00e9\u201d.<\/p>\n\n\n\n<p>Pasado el desconcierto y las dudas sobre a qui\u00e9n se refer\u00eda, qued\u00f3 claro que el blanco principal de la socia fundadora de Juntos por el Cambio era el socialismo y, sobre todo su l\u00edder actual, Antonio Bonfatti. Desde el partido que fund\u00f3 Juan B. Justo y hoy preside M\u00f3nica Fein, ex intendenta de Rosario, evitaron responderle a Carri\u00f3, pero interpretaron sus palabras como funcionales al peronismo.<\/p>\n\n\n\n<p>En el radicalismo, que postula a&nbsp;<strong>Maximiliano Pullaro<\/strong>&nbsp;como precandidato a gobernador, tampoco sal\u00edan del estupor y recordaban que la representante de Carri\u00f3 en la provincia,&nbsp;<strong>Lucila Lehman<\/strong>, hab\u00eda estado participado hasta hace una semana en las negociaciones para conformar el denominado \u201cFrente de Frentes\u201d, que consolidaba una propuesta electoral unificada para derrotar al peronismo.<\/p>\n\n\n\n<p>Por otra parte, Patricia Bullrich, presidenta del PRO y precandidata, comparti\u00f3 con el ahora precandidato a jefe de gobierno, Ricardo L\u00f3pez Murphy, un almuerzo con los equipos t\u00e9cnicos y pol\u00edticos de ambos sectores, despu\u00e9s del acuerdo electoral que ambos sellaron la semana pasada.<\/p>\n\n\n\n<p>\u201cFue una reuni\u00f3n de familia\u201d, reconoci\u00f3 uno de los participantes del encuentro, que se realiz\u00f3 en la casa del economista y estrella de las redes&nbsp;<strong>Gustavo \u201cLacha\u201d L\u00e1zzari<\/strong>, en Villa Elisa. Entre sanguchitos de bondiola, ensaladas, gaseosas, vino y flan con dulce de leche y crema, dirigentes de Republicanos Unidos y del bullrichismo buscaron compartir experiencias y contactos y empezar a definir los primeros pasos para alinear el trabajo de los dos sectores.<\/p>\n\n\n\n<p>Tanto Patricia Bullrich como L\u00f3pez Murphy coincidieron en que \u201cse vienen tiempos recios y no va a ser un lecho de rosas\u201d el futuro pr\u00f3ximo, tanto por la econom\u00eda como por la situaci\u00f3n pol\u00edtica. Tambi\u00e9n, que los planes de gobierno se deber\u00e1n poner en marcha la misma madrugada en que asuma la nueva gesti\u00f3n.<\/p>\n\n\n\n<p>Mientras tanto, Horacio Rodr\u00edguez Larreta y Gerardo Morales, los otros precandidatos presidenciales de Juntos por el Cambio, viajaron La Falda para acompa\u00f1ar a Javier Dieminger, intendente reelecto en los comicios celebrados este domingo. Se trata de la primera elecci\u00f3n del a\u00f1o y Juntos por el Cambio gan\u00f3 con el m\u00e1s del 70% de los votos. Compartieron escenario y recorridas con Luis Juez, Rodrigo De Loredo, Mario Negri, Soher El Sukaria, Javier Pretto, Pedro Dellarossa y Ricardo Agost.<\/p>\n\n\n\n<p>C\u00f3rdoba es un territorio en disputa y donde Juntos por el Cambio considera que tiene altas chances de vencer al peronismo, que hace m\u00e1s de 23 a\u00f1os gobierna el territorio. El gobernador Juan Schiaretti, de 73 a\u00f1os, ya lanz\u00f3 a su delf\u00edn, Mart\u00edn Llaryora, mientras intenta reflotar la tercera v\u00eda con una candidatura presidencial a la que pretende sumar a otros peronistas.<\/p>\n","protected":false},"excerpt":{"rendered":"<p>El ministro se comunic\u00f3 con el Presidente al regreso de Panam\u00e1. Detalles de una conversaci\u00f3n dura y un mensaje: \u201cYo no soy Guzm\u00e1n\u201d. Qui\u00e9nes son \u201clos machitos del off the&hellip; <\/p>\n","protected":false},"author":7,"featured_media":48260,"comment_status":"closed","ping_status":"open","sticky":false,"template":"","format":"standard","meta":{"footnotes":""},"categories":[10],"tags":[],"class_list":["post-48259","post","type-post","status-publish","format-standard","has-post-thumbnail","hentry","category-nacionales"],"_links":{"self":[{"href":"https:\/\/corrientesdetarde.com\/index.php\/wp-json\/wp\/v2\/posts\/48259","targetHints":{"allow":["GET"]}}],"collection":[{"href":"https:\/\/corrientesdetarde.com\/index.php\/wp-json\/wp\/v2\/posts"}],"about":[{"href":"https:\/\/corrientesdetarde.com\/index.php\/wp-json\/wp\/v2\/types\/post"}],"author":[{"embeddable":true,"href":"https:\/\/corrientesdetarde.com\/index.php\/wp-json\/wp\/v2\/users\/7"}],"replies":[{"embeddable":true,"href":"https:\/\/corrientesdetarde.com\/index.php\/wp-json\/wp\/v2\/comments?post=48259"}],"version-history":[{"count":1,"href":"https:\/\/corrientesdetarde.com\/index.php\/wp-json\/wp\/v2\/posts\/48259\/revisions"}],"predecessor-version":[{"id":48261,"href":"https:\/\/corrientesdetarde.com\/index.php\/wp-json\/wp\/v2\/posts\/48259\/revisions\/48261"}],"wp:featuredmedia":[{"embeddable":true,"href":"https:\/\/corrientesdetarde.com\/index.php\/wp-json\/wp\/v2\/media\/48260"}],"wp:attachment":[{"href":"https:\/\/corrientesdetarde.com\/index.php\/wp-json\/wp\/v2\/media?parent=48259"}],"wp:term":[{"taxonomy":"category","embeddable":true,"href":"https:\/\/corrientesdetarde.com\/index.php\/wp-json\/wp\/v2\/categories?post=48259"},{"taxonomy":"post_tag","embeddable":true,"href":"https:\/\/corrientesdetarde.com\/index.php\/wp-json\/wp\/v2\/tags?post=48259"}],"curies":[{"name":"wp","href":"https:\/\/api.w.org\/{rel}","templated":true}]}}