{"id":48271,"date":"2023-03-20T06:56:15","date_gmt":"2023-03-20T09:56:15","guid":{"rendered":"https:\/\/corrientesdetarde.com\/?p=48271"},"modified":"2023-03-20T06:56:19","modified_gmt":"2023-03-20T09:56:19","slug":"rodriguez-larreta-y-gerardo-morales-viajaron-a-la-falda-para-festejar-el-triunfo-en-las-elecciones-del-intendente-de-juntos-por-el-cambio","status":"publish","type":"post","link":"https:\/\/corrientesdetarde.com\/index.php\/nacionales\/rodriguez-larreta-y-gerardo-morales-viajaron-a-la-falda-para-festejar-el-triunfo-en-las-elecciones-del-intendente-de-juntos-por-el-cambio\/","title":{"rendered":"<strong>Rodr\u00edguez Larreta y Gerardo Morales viajaron a La Falda para festejar el triunfo en las elecciones del intendente de Juntos por el Cambio<\/strong>"},"content":{"rendered":"\n<p>En las primeras elecciones en la provincia de C\u00f3rdoba, la ciudad eligi\u00f3 tambi\u00e9n concejales. Dieminger, el jefe comunal radical, consigui\u00f3 su reelecci\u00f3n por amplia diferencia<\/p>\n\n\n\n<p>Con el 100% de los sufragios escrutados en las elecciones municipales de&nbsp;<strong>La Falda<\/strong>, en&nbsp;<strong>C\u00f3rdoba<\/strong>, el actual intendente radical,&nbsp;<strong>Javier Dieminger<\/strong>, se impuso con un 71.07 % de los votos y logr\u00f3 la reelecci\u00f3n por un nuevo mandato. El dirigente es el \u00fanico postulante de<strong>&nbsp;Juntos por el Cambio<\/strong>&nbsp;(JxC) y compiti\u00f3 contra&nbsp;<strong>Miguel Maldonado<\/strong>, del&nbsp;<strong>Frente de Todos<\/strong>. El schiarettismo no present\u00f3 contendiente.<\/p>\n\n\n\n<p>Los precandidatos presidenciales de este espacio,&nbsp;<strong>Horacio Rodr\u00edguez Larreta<\/strong>&nbsp;y&nbsp;<strong>Gerardo Morales<\/strong>, viajaron hasta la ciudad y se sumaron a la foto del festejo por el triunfo electoral. En tanto que&nbsp;<strong>Mart\u00edn Lousteau<\/strong>, senador nacional y l\u00edder de Evoluci\u00f3n Radical, sigui\u00f3 atentamente la elecci\u00f3n, aunque no viaj\u00f3.<\/p>\n\n\n\n<p>La Falda pertenece al departamento de Punilla. Tiene 35 mil habitantes y 14 mil estaban habilitados a votar en 41 mesas electorales. El voto no es obligatorio y, seg\u00fan pudo conocer&nbsp;<strong>Infobae<\/strong>, sufrag\u00f3 cerca del 50% del padr\u00f3n. Adem\u00e1s de intendente, se pusieron en juego ocho concejales para el Concejo Deliberante local y tres miembros titulares del Tribunal de Cuentas con sus suplentes.<\/p>\n\n\n\n<p>Con este resultado JxC se qued\u00f3 con seis concejales y dos son para el Frente de Todos.<\/p>\n\n\n\n<p>Tras conocerse los primeros resultados de los comicios, el jefe de Gobierno porte\u00f1o, acompa\u00f1ado tambi\u00e9n por&nbsp;<strong>Gerardo Morales, Luis Juez, Rodrigo De Loredo, Mario Negri y Soher El Sukaria<\/strong>, entre otros dirigentes, sostuvo que la victoria de Dieminger \u201cconsolida el cambio que necesitan C\u00f3rdoba y el pa\u00eds\u201d.<\/p>\n\n\n\n<p>En tanto, Morales celebr\u00f3 el \u201ccontundente triunfo de JxC en La Falda\u201d: \u201cEn cada rinc\u00f3n del pa\u00eds tenemos un radicalismo fuerte y unido. \u00a1Vamos a dar vuelta C\u00f3rdoba y toda la Argentina\u201d, enfatiz\u00f3 el gobernador de Jujuy.<\/p>\n\n\n\n<p>En el b\u00fanker del intendente, Rodr\u00edguez Larreta asegur\u00f3 que el triunfo es el reconocimiento a una \u201cmuy buena gesti\u00f3n que gener\u00f3 transformaciones que la gente valora\u201d y al trabajo en equipo entre la UCR, el PRO y el Frente C\u00edvico.<\/p>\n\n\n\n<p>\u201cTenemos un gran equipo en C\u00f3rdoba para potenciar la provincia como nunca\u201d cerr\u00f3, en referencia a Luis Juez y Rodrigo De Loredo, quienes ya lanzaron sus candidaturas para gobernador y vice de esta provincia, respectivamente.<\/p>\n\n\n\n<p>Para JxC es una elecci\u00f3n clave por lo que representa La Falda para la provincia y por lo que significa C\u00f3rdoba para la oposici\u00f3n. Desde finales del a\u00f1o pasado que la coalici\u00f3n afronta arduas negociaciones para dirimir la candidatura a gobernador en el&nbsp;<strong>segundo distrito m\u00e1s grande del pa\u00eds<\/strong>.<\/p>\n\n\n\n<p>\u201c\u00a1\u00a1Felicitaciones La Falda!! Felicitaciones Dieminger por tu arrasador triunfo, los vecinos han sabido ponderar tu excelente gesti\u00f3n. \u00a1\u00a1Se viene el cambio en C\u00f3rdoba!!\u201d, destac\u00f3, por su parte, el jefe del bloque de radicales en la C\u00e1mara de Diputados,&nbsp;<strong>Mario Negri<\/strong>.<\/p>\n\n\n\n<p>El diputado nacional&nbsp;<strong>Rodrigo De Loredo<\/strong>&nbsp;(UCR) y el senador nacional&nbsp;<strong>Luis Juez&nbsp;<\/strong>(Frente C\u00edvico) est\u00e1n lanzados para la pelea provincial. Aunque con diferencias, mantienen buen di\u00e1logo y todo se encamina a ordenarse. Como cont\u00f3&nbsp;<strong>Infobae<\/strong>, este s\u00e1bado se conocieron los resultados de una encuesta que les servir\u00e1 a los dirigentes como una herramienta para allanar la negociaci\u00f3n pol\u00edtica final.<\/p>\n\n\n\n<p>En este contexto, el radicalismo nacional no quiere perderse la foto con el primer triunfo electoral del a\u00f1o para JxC en C\u00f3rdoba. A Morales y De Loredo se sumar\u00e1 tambi\u00e9n el diputado nacional&nbsp;<strong>Mario Negri<\/strong>, dirigente radical de C\u00f3rdoba. En tanto que Rodr\u00edguez Larreta brind\u00f3 su apoyo durante la campa\u00f1a al intendente y no dejar\u00e1 pasar la oportunidad de sumar una foto triunfal a su \u00e1lbum presidencial.<\/p>\n\n\n\n<p>El jefe de Gobierno de la Ciudad viaj\u00f3 a C\u00f3rdoba junto con&nbsp;<strong>Eduardo Macchiavelli<\/strong>, secretario de Proyecci\u00f3n Federal de CABA y armador larretista en el interior, y&nbsp;<strong>Marcelo Wechsler<\/strong>&nbsp;operador pol\u00edtico del alcalde porte\u00f1o en algunas provincias del Noroeste y centro del pa\u00eds.<\/p>\n\n\n\n<p><strong>Patricia Bullrich<\/strong>&nbsp;no viaj\u00f3 este domingo a la provincia. La otra presidenciable del PRO tiene un viaje a C\u00f3rdoba previsto para este lunes, por una invitaci\u00f3n de la Bolsa de Comercio. Har\u00e1 una recorrida con dirigentes locales e intentar\u00e1 verse con el intendente de La Falda. En el larretismo deslizaron que Dieminger no quer\u00eda que Bullrich fuera hoy.<\/p>\n\n\n\n<p>La elecci\u00f3n en La Falda se da en medio de fuertes tensiones en JxC por los cierres de listas provinciales. El PRO afronta, a su vez, los tironeos internos entre Larreta y Bullrich, los presidenciables del espacio. A eso se suman los matices en el radicalismo, partido que no est\u00e1 exento de&nbsp;<strong>turbulencias<\/strong>. En este escenario, C\u00f3rdoba es una provincia&nbsp;<strong>clave&nbsp;<\/strong>para la oposici\u00f3n y todo indica que habr\u00e1 acuerdo entre Juez y De Loredo.<\/p>\n\n\n\n<p><strong>\u00bfCu\u00e1ndo ser\u00e1n las elecciones en la provincia de C\u00f3rdoba?<\/strong><\/p>\n\n\n\n<p>La provincia de C\u00f3rdoba es una de las 21 jurisdicciones que deben elegir gobernador y renovar autoridades locales y la totalidad de la legislatura cordobesa, que cuenta con 70 bancas. Hay 44 que ser\u00e1n elegidas en toda la provincia, mientras que otras 26 se eligen por cada departamento. Sin embargo, todav\u00eda no fue oficializada la fecha de votaci\u00f3n, que debe determinarse por decreto del gobernador Juan Schiaretti.<\/p>\n\n\n\n<p>En tanto, en las elecciones nacionales que se desarrollar\u00e1n el<strong>&nbsp;22 de octubre<\/strong>, luego de las Primarias Abiertas, Simult\u00e1neas y Obligatorias (PASO) del 13 de agosto, C\u00f3rdoba deber\u00e1 votar presidente, vicepresidente y 9 diputados.<\/p>\n","protected":false},"excerpt":{"rendered":"<p>En las primeras elecciones en la provincia de C\u00f3rdoba, la ciudad eligi\u00f3 tambi\u00e9n concejales. Dieminger, el jefe comunal radical, consigui\u00f3 su reelecci\u00f3n por amplia diferencia Con el 100% de los&hellip; <\/p>\n","protected":false},"author":7,"featured_media":48272,"comment_status":"closed","ping_status":"open","sticky":false,"template":"","format":"standard","meta":{"footnotes":""},"categories":[10],"tags":[],"class_list":["post-48271","post","type-post","status-publish","format-standard","has-post-thumbnail","hentry","category-nacionales"],"_links":{"self":[{"href":"https:\/\/corrientesdetarde.com\/index.php\/wp-json\/wp\/v2\/posts\/48271","targetHints":{"allow":["GET"]}}],"collection":[{"href":"https:\/\/corrientesdetarde.com\/index.php\/wp-json\/wp\/v2\/posts"}],"about":[{"href":"https:\/\/corrientesdetarde.com\/index.php\/wp-json\/wp\/v2\/types\/post"}],"author":[{"embeddable":true,"href":"https:\/\/corrientesdetarde.com\/index.php\/wp-json\/wp\/v2\/users\/7"}],"replies":[{"embeddable":true,"href":"https:\/\/corrientesdetarde.com\/index.php\/wp-json\/wp\/v2\/comments?post=48271"}],"version-history":[{"count":1,"href":"https:\/\/corrientesdetarde.com\/index.php\/wp-json\/wp\/v2\/posts\/48271\/revisions"}],"predecessor-version":[{"id":48273,"href":"https:\/\/corrientesdetarde.com\/index.php\/wp-json\/wp\/v2\/posts\/48271\/revisions\/48273"}],"wp:featuredmedia":[{"embeddable":true,"href":"https:\/\/corrientesdetarde.com\/index.php\/wp-json\/wp\/v2\/media\/48272"}],"wp:attachment":[{"href":"https:\/\/corrientesdetarde.com\/index.php\/wp-json\/wp\/v2\/media?parent=48271"}],"wp:term":[{"taxonomy":"category","embeddable":true,"href":"https:\/\/corrientesdetarde.com\/index.php\/wp-json\/wp\/v2\/categories?post=48271"},{"taxonomy":"post_tag","embeddable":true,"href":"https:\/\/corrientesdetarde.com\/index.php\/wp-json\/wp\/v2\/tags?post=48271"}],"curies":[{"name":"wp","href":"https:\/\/api.w.org\/{rel}","templated":true}]}}