{"id":48274,"date":"2023-03-20T06:59:21","date_gmt":"2023-03-20T09:59:21","guid":{"rendered":"https:\/\/corrientesdetarde.com\/?p=48274"},"modified":"2023-03-20T06:59:25","modified_gmt":"2023-03-20T09:59:25","slug":"la-inflacion-quema-a-los-argentinos-y-todos-prometen-una-terapia-de-shock","status":"publish","type":"post","link":"https:\/\/corrientesdetarde.com\/index.php\/nacionales\/la-inflacion-quema-a-los-argentinos-y-todos-prometen-una-terapia-de-shock\/","title":{"rendered":"<strong>La inflaci\u00f3n quema a los argentinos y todos prometen una terapia de shock<\/strong>"},"content":{"rendered":"\n<p>La velocidad inflacionaria revive los trucos financieros de fines de los \u201880. Massa descarta una devaluaci\u00f3n; Alberto se re\u00fane con Guzm\u00e1n y los candidatos opositores hablan de 20 d\u00edas clave<\/p>\n\n\n\n<p>La Argentina es ese pa\u00eds que choca una y otra vez contra sus traumas. Y ahora ha vuelto a caer en la trampa hist\u00f3rica de la&nbsp;<strong>inflaci\u00f3n<\/strong>. Es el efecto devastador de la suba de precios que, sin embargo, en los \u00faltimos a\u00f1os era subestimado por la Generaci\u00f3n Sub 40. La que no vivi\u00f3 la h\u00edper de&nbsp;<strong>Ra\u00fal Alfons\u00edn<\/strong>&nbsp;ni la de&nbsp;<strong>Carlos Menem<\/strong>, previas al remanso de la Convertibilidad en los \u201890.<\/p>\n\n\n\n<p>Desde hace varios meses, los m\u00e1s j\u00f3venes que consideraban a la inflaci\u00f3n un fantasma de personas mayores, comenzaron a poner en pr\u00e1ctica mecanismos para resguardarse del impacto de la suba de precios sobre sus salarios. Cada vez son m\u00e1s los argentinos que, apenas cobran sus sueldos, los depositan en plazos muy cortos (de siete, y hasta de tres d\u00edas) para volver a recuperarlos con un inter\u00e9s que les permita hacer una diferencia.<\/p>\n\n\n\n<p>Los bancos les llaman fondos de ahorro, y los promueven a trav\u00e9s de las redes sociales para captar a los clientes que quieren ganarle la carrera a la inflaci\u00f3n. No es la \u00fanica herramienta de autodefensa. Hay quienes sacan cr\u00e9ditos personales a 12, a 24 o a 36 meses porque a\u00fan con las altas tasas de la actualidad, con el paso del tiempo las cuotas amortiguan el da\u00f1o de la inflaci\u00f3n.<\/p>\n\n\n\n<p>Otros argentinos, que prefieren no sacar tantas cuentas, invierten el sueldo en d\u00f3lar blue y lo van pasando de nuevo a pesos a medida que lo van necesitando. Es el m\u00e9todo anti inflaci\u00f3n que patentaron los boomers a fines de los \u201880. Entonces no hab\u00eda bancos digitales ni cr\u00e9ditos a tiro de click en el smartphone. El mejor aliado era un arbolito de confianza con d\u00f3lar a buen precio en alguna vereda del micro centro porte\u00f1o.<\/p>\n\n\n\n<p>Las estrategias contra la inflaci\u00f3n son una medalla que muchos argentinos exhiben incluso en el exterior. Los banqueros de Madrid o de Roma se sorprenden porque cuando un argentino solicita un cr\u00e9dito o una hipoteca jam\u00e1s acepta pagarlo en cuotas a inter\u00e9s variable. A\u00fan con una inflaci\u00f3n promedio del 6% anual (la que soporta Europa despu\u00e9s de la pandemia y la invasi\u00f3n rusa a Ucrania), el peque\u00f1o inversor argentino reclama cuotas fijas. El que se quema con la inflaci\u00f3n, ve una cuota variable y llora.<\/p>\n\n\n\n<p>Mientras la inflaci\u00f3n destruye el poder de compra de los argentinos, tambi\u00e9n comienza a ser determinante sobre el destino electoral del Frente de Todos. El m\u00e1s perjudicado en estos d\u00edas es, sin dudas,&nbsp;<strong>Sergio Massa.<\/strong>&nbsp;El ministro de Econom\u00eda ingres\u00f3 al Gobierno con el mandato de vencer a la inflaci\u00f3n (o al menos el de lograr ponerla en retroceso) para convertirse en el candidato presidencial inevitable del oficialismo.<\/p>\n\n\n\n<p>Esa posibilidad, una certeza para muchos hasta hace pocas semanas, ha ingresado al territorio de las dudas con el \u00edndice del 6.6% que arroj\u00f3 la inflaci\u00f3n de febrero. Ya se sabe que en marzo la cosa no ir\u00e1 mejor. Es el mes inflacionario por excelencia y el impacto de alimentos, combustibles, colegios y transportes est\u00e1 llevando las cifras al umbral del 7%. \u201cQuiz\u00e1s me apur\u00e9 con los n\u00fameros\u201d, es la frase que Massa ha pronunciado ante sus colaboradores. El ministro se hab\u00eda entusiasmado con tener un 3% de inflaci\u00f3n mensual para abril. Est\u00e1 claro que no suceder\u00e1.<\/p>\n\n\n\n<p>La semana pasada, el Banco Central subi\u00f3 las&nbsp;<strong>tasa de inter\u00e9s<\/strong>&nbsp;del 75 al 78%, un remedio cl\u00e1sico pero insuficiente para resolver la cuesti\u00f3n de fondo. Massa volvi\u00f3 el domingo de Panam\u00e1 y se espera que lance otras medidas para que su proyecto personal no naufrague bajo el mar de la inflaci\u00f3n. El \u00faltimo mi\u00e9rcoles, el diputado kirchnerista&nbsp;<strong>Carlos Heller<\/strong>&nbsp;hab\u00eda sorprendido al afirmar que el ministro se dispon\u00eda a lanzar un paquete de medidas de shock. Nadie en el Gobierno supo explicar a qu\u00e9 se refer\u00eda.<\/p>\n\n\n\n<p>Como ya lo hab\u00eda hecho en el inicio de la gesti\u00f3n de Massa en Econom\u00eda, el viceministro&nbsp;<strong>Gabriel Rubinstein<\/strong>&nbsp;volvi\u00f3 a sugerir esta semana la posibilidad de ensayar una suba fuerte del d\u00f3lar oficial. Especialista reconocido en macroeconom\u00eda, Rubinstein es partidario de achicar la brecha entre el d\u00f3lar oficial y los financieros aprovechando el desarrollo de la crisis inflacionaria para generar una devaluaci\u00f3n cl\u00e1sica. Pero la idea nunca termina de convencer a Massa, temeroso de que un toque en el d\u00f3lar oficial termine provocando m\u00e1s inflaci\u00f3n y una suba descontrolada de los otros d\u00f3lares. Por eso, es que la idea de una devaluaci\u00f3n en medio del tembladeral no encuentra espacio.<\/p>\n\n\n\n<p>En todo caso, las medidas de shock en las que trabaja Massa tienen m\u00e1s que ver con aplicar nuevos torniquetes a la importaci\u00f3n. El ministro prefiere que la inflaci\u00f3n baje al menos un poco por efecto recesivo y poder llevar el Titanic al puerto de las pr\u00f3ximas elecciones. En dos meses, determinar\u00e1 si es con \u00e9l como candidato presidencial o como un simple observador.<\/p>\n\n\n\n<p><strong>Alberto desayuna en Olivos con Guzm\u00e1n<\/strong><\/p>\n\n\n\n<p>Es tan endeble la situaci\u00f3n del Frente de Todos que los dos adversarios principales de Massa en este momento son sus socios pol\u00edticos.&nbsp;<strong>Cristina Kirchner<\/strong>&nbsp;no lo mencion\u00f3 en su \u00faltimo discurso y<strong>&nbsp;La C\u00e1mpora<\/strong>&nbsp;tampoco lo nombr\u00f3, pero sali\u00f3 a criticar previsiblemente el \u00edndice de inflaci\u00f3n y el acuerdo con el FMI por el que flexibiliz\u00f3 las metas de reservas monetarias. La alt\u00edsima inflaci\u00f3n ha sosegado a los kirchneristas m\u00e1s entusiastas con privilegiar a Massa como el candidato presidencial confiable.<\/p>\n\n\n\n<p>De hecho, y como ya se se\u00f1al\u00f3 en esta columna hace una semana, la Vicepresidenta se despega de la estrategia de la&nbsp;<strong>\u201cproscripci\u00f3n\u201d<\/strong>, con la que intenta contrarrestar el perjuicio de la condena provisional a seis a\u00f1os de prisi\u00f3n que la Justicia le impuso por fraude al Estado en la causa Vialidad, y<strong>&nbsp;eval\u00faa seriamente ser candidata a senadora en la provincia de Buenos Aires.<\/strong>&nbsp;El objetivo es fortalecer la posibilidad de que&nbsp;<strong>Axel Kicillof<\/strong>&nbsp;sea reelecto gobernador; mantener el control del Senado y contar con los fueros parlamentarios para la eventualidad de la confirmaci\u00f3n de su condena por corrupci\u00f3n en la Corte Suprema.<\/p>\n\n\n\n<p>Claro que fue<strong>&nbsp;Alberto Fern\u00e1ndez&nbsp;<\/strong>el que intent\u00f3 sacarle r\u00e9dito al traspi\u00e9 inflacionario de febrero, como si no fuera una falla m\u00e1s de su gobierno. Primero fue la vocera presidencial,<strong>&nbsp;Gabriela Cerruti<\/strong>, quien calific\u00f3 p\u00fablicamente la cifra del Indec como \u201cmal\u00edsima\u201d. Y luego fue el propio Presidente, quien aprovech\u00f3 el resbal\u00f3n de Massa para reunirse y compartir una evaluaci\u00f3n de la econom\u00eda con el anterior ministro de Econom\u00eda,<strong>&nbsp;Mart\u00edn Guzm\u00e1n<\/strong>. Con \u00e9l desayun\u00f3 en la Quinta de Olivos este domingo.<\/p>\n\n\n\n<p>En otras circunstancias, el encuentro entre el Presidente y Guzm\u00e1n no habr\u00eda tenido mayores consecuencias. En definitiva, fue Massa quien lo detect\u00f3 en Washington y se lo present\u00f3 a Alberto Fern\u00e1ndez. Claro que ahora las cosas son diferentes.&nbsp;<strong>Guzm\u00e1n tiene pretensiones pol\u00edticas y no le disgustar\u00eda competir por una banca legislativa.&nbsp;<\/strong>Pero Massa siente que fue \u00e9l quien debi\u00f3 hacerse cargo del desastre anterior a su gesti\u00f3n, y ya ha deslizado con sutileza la amenaza de su renuncia al cargo si siente que lo hostigan en medio del terremoto econ\u00f3mico.<\/p>\n\n\n\n<p>En<strong>&nbsp;Juntos por el Cambio<\/strong>&nbsp;las cosas no van mucho mejor. Cuentan con la ventaja de que es el gobierno de Alberto, Cristina y Massa el que debe administrar su crisis, y observan con algo de alivio las internas que atraviesan al Frente de Todos. El domingo tuvieron un descanso de su propia confrontaci\u00f3n porque la victoria de la oposici\u00f3n en la intendencia cordobesa de La Falda les dio un respiro estrat\u00e9gico.&nbsp;<strong>Horacio Rodr\u00edguez Larreta<\/strong>&nbsp;y&nbsp;<strong>Gerardo Morales<\/strong>&nbsp;compartieron el festejo tras la reelecci\u00f3n del intendente radical, Javier Dieminger, en un distrito donde la UCR es competitiva.<\/p>\n\n\n\n<p>Juntos a ellos aparecieron los dos referentes opositores en C\u00f3rdoba, el senador<strong>&nbsp;Luis Juez<\/strong>&nbsp;y el diputado&nbsp;<strong>Rodrigo de Loredo<\/strong>, quienes mantienen una pulseada para ver quien ser\u00e1 el candidato a gobernador. Adem\u00e1s de Rodr\u00edguez Larreta y Morales, tambi\u00e9n<strong>&nbsp;Patricia Bullrich<\/strong>&nbsp;y&nbsp;<strong>Mauricio Macri<\/strong>&nbsp;negocian para poder llevar una lista \u00fanica en la provincia, y conseguir algo parecido en Mendoza, Salta y Tucum\u00e1n, distritos donde la batalla entre UCR y PRO amenazaba con terminar en listas separadas.<\/p>\n\n\n\n<p>Las diferencias electorales entre los presidenciables de Juntos por el Cambio a cinco meses de las PASO son, en cambio, casi insignificantes cuando se habla de c\u00f3mo combatir a la inflaci\u00f3n. Todos han unificado el discurso con una palabra: shock. Esa es la bandera que levantan Rodr\u00edguez Larreta y Bullrich; Macri y&nbsp;<strong>Mar\u00eda Eugenia Vidal<\/strong>; Morales,&nbsp;<strong>Facundo Manes<\/strong>&nbsp;y hasta&nbsp;<strong>Mart\u00edn Lousteau.<\/strong><\/p>\n\n\n\n<p>El shock anti inflacionario es la receta que explicaron este fin de semana&nbsp;<strong>Mart\u00edn Redrado<\/strong>&nbsp;y&nbsp;<strong>Fernando Straface<\/strong>. El ex presidente del Banco Central, quien trabaja ahora con Rodr\u00edguez Larreta, dio entrevistas a Clar\u00edn y Perfil donde explic\u00f3 en detalle que el pr\u00f3ximo gobierno tendr\u00e1 apenas veinte d\u00edas de plazo (entre el 10 y el 30 de diciembre) para hacer los anuncios y enviar las leyes al Congreso que pongan a la inflaci\u00f3n como el enemigo principal a vencer. Hacia ese objetivo deber\u00edan converger las pol\u00edticas fiscales, monetarias y de ingresos del futuro gobierno.<\/p>\n\n\n\n<p>En la misma l\u00ednea se expres\u00f3 Straface, secretario de Relaciones Internacionales de la Ciudad, en una entrevista con CNN Radio. \u201cEl gradualismo solo se puede financiar con alguien que nos preste plata, y a Argentina nadie le presta as\u00ed que hay que encarar las medidas para estabilizar la inflaci\u00f3n desde el d\u00eda 1\u2033.<\/p>\n\n\n\n<p>Horas despu\u00e9s, Mar\u00eda Eugenia Vidal defend\u00eda las medidas de shock contra la inflaci\u00f3n durante un reportaje con el canal Todo Noticias. Y en la misma l\u00ednea que lo hacen Bullrich y su economista de cabecera (Luciano Laspina);&nbsp;<strong>Ricardo L\u00f3pez Murphy<\/strong>&nbsp;y los presidenciables radicales como Morales y Manes.<\/p>\n\n\n\n<p>Desde el sector m\u00e1s extremo de la oposici\u00f3n, el libertario<strong>&nbsp;Javier Milei<\/strong>, insiste en que la inflaci\u00f3n \u201ces un delito\u201d con una \u00fanica causa: la emisi\u00f3n monetaria. Y que la mejor manera de evitar la suba de la inflaci\u00f3n es estrictamente el cierre del Banco Central.<\/p>\n\n\n\n<p>En realidad, y respondiendo a su perfil de celebridad provocativa, Milei convoca a sus seguidores a \u201cquemar\u201d el Banco Central, planteando que la ausencia de toda autoridad monetaria ser\u00eda el verdadero remedio a los males econ\u00f3micos de la Argentina.<\/p>\n\n\n\n<p>Una propuesta, la de Milei, que va llamativamente a contramano del salvataje que los pa\u00edses capitalistas aceleran en estas horas para poner a resguardo la salud de los mercados financieros.<\/p>\n\n\n\n<p>No solo es el banco UBS el que participa de la compra de sus compatriotas del Credit Suisse para que la tormenta financiera iniciada con la ca\u00edda del Sillicon Valley Bank no se transforme en un desastre similar a la crisis de las hipotecas en 2008. Tambi\u00e9n ha puesto dinero el Banco Nacional de Suiza y est\u00e1n colaborando el Banco Central Europeo y la Reserva Federal de EE.UU.<\/p>\n\n\n\n<p>Despu\u00e9s de la pandemia y con el agravante de la invasi\u00f3n rusa a Ucrania, el planeta no es lo que era. Han cambiado los t\u00e9rminos de la globalizaci\u00f3n financiera y la cooperaci\u00f3n se torna indispensable. De los actores privados y de los estados tambi\u00e9n. Los Trump, los Bolsonaro y todos aquellos que desprecian las imperfecciones de las democracias han fracasado sin atenuantes.<\/p>\n\n\n\n<p>Las urgencias econ\u00f3micas de la Argentina, empezando por la inflaci\u00f3n y terminando por la pobreza, se han vuelto demasiado complejas para calmarlas con facilismo populista. Por eso, la soluci\u00f3n requiere mucho m\u00e1s esfuerzo intelectual y valent\u00eda que gritar desde una tribuna. Ya no basta con ir a quemar el Banco Central para que la magia se haga cargo y lo resuelva todo.<\/p>\n","protected":false},"excerpt":{"rendered":"<p>La velocidad inflacionaria revive los trucos financieros de fines de los \u201880. Massa descarta una devaluaci\u00f3n; Alberto se re\u00fane con Guzm\u00e1n y los candidatos opositores hablan de 20 d\u00edas clave&hellip; <\/p>\n","protected":false},"author":7,"featured_media":48275,"comment_status":"closed","ping_status":"open","sticky":false,"template":"","format":"standard","meta":{"footnotes":""},"categories":[10],"tags":[],"class_list":["post-48274","post","type-post","status-publish","format-standard","has-post-thumbnail","hentry","category-nacionales"],"_links":{"self":[{"href":"https:\/\/corrientesdetarde.com\/index.php\/wp-json\/wp\/v2\/posts\/48274","targetHints":{"allow":["GET"]}}],"collection":[{"href":"https:\/\/corrientesdetarde.com\/index.php\/wp-json\/wp\/v2\/posts"}],"about":[{"href":"https:\/\/corrientesdetarde.com\/index.php\/wp-json\/wp\/v2\/types\/post"}],"author":[{"embeddable":true,"href":"https:\/\/corrientesdetarde.com\/index.php\/wp-json\/wp\/v2\/users\/7"}],"replies":[{"embeddable":true,"href":"https:\/\/corrientesdetarde.com\/index.php\/wp-json\/wp\/v2\/comments?post=48274"}],"version-history":[{"count":1,"href":"https:\/\/corrientesdetarde.com\/index.php\/wp-json\/wp\/v2\/posts\/48274\/revisions"}],"predecessor-version":[{"id":48276,"href":"https:\/\/corrientesdetarde.com\/index.php\/wp-json\/wp\/v2\/posts\/48274\/revisions\/48276"}],"wp:featuredmedia":[{"embeddable":true,"href":"https:\/\/corrientesdetarde.com\/index.php\/wp-json\/wp\/v2\/media\/48275"}],"wp:attachment":[{"href":"https:\/\/corrientesdetarde.com\/index.php\/wp-json\/wp\/v2\/media?parent=48274"}],"wp:term":[{"taxonomy":"category","embeddable":true,"href":"https:\/\/corrientesdetarde.com\/index.php\/wp-json\/wp\/v2\/categories?post=48274"},{"taxonomy":"post_tag","embeddable":true,"href":"https:\/\/corrientesdetarde.com\/index.php\/wp-json\/wp\/v2\/tags?post=48274"}],"curies":[{"name":"wp","href":"https:\/\/api.w.org\/{rel}","templated":true}]}}