{"id":48277,"date":"2023-03-20T07:01:56","date_gmt":"2023-03-20T10:01:56","guid":{"rendered":"https:\/\/corrientesdetarde.com\/?p=48277"},"modified":"2023-03-20T07:01:59","modified_gmt":"2023-03-20T10:01:59","slug":"enfrentados-por-el-futuro-del-gobierno-alberto-fernandez-y-cfk-forcejean-por-la-centralidad-politica-y-hacen-crujir-al-frente-de-todos","status":"publish","type":"post","link":"https:\/\/corrientesdetarde.com\/index.php\/nacionales\/enfrentados-por-el-futuro-del-gobierno-alberto-fernandez-y-cfk-forcejean-por-la-centralidad-politica-y-hacen-crujir-al-frente-de-todos\/","title":{"rendered":"<strong>Enfrentados por el futuro del Gobierno, Alberto Fern\u00e1ndez y CFK forcejean por la centralidad pol\u00edtica y hacen crujir al Frente de Todos<\/strong>"},"content":{"rendered":"\n<p>El Presidente reaparecer\u00e1 luego de la intervenci\u00f3n m\u00e9dica. La Vicepresidenta encabezar\u00e1 un acto organizado por el Grupo de Puebla. El proyecto de relecci\u00f3n aumenta la incertidumbre en el peronismo y tensiona el armado electoral<\/p>\n\n\n\n<p>Este lunes&nbsp;<strong>Alberto Fern\u00e1ndez&nbsp;<\/strong>volver\u00e1 a la escena pol\u00edtica luego de resguardarse en la Quinta de Olivos tras realizarse un bloqueo radicular. Ser\u00e1 su reaparici\u00f3n p\u00fablica en un acto m\u00e1s all\u00e1 de que su agenda sigui\u00f3 activa entre el viernes y el domingo. Sin embargo, hoy se expresar\u00e1 en p\u00fablico en el inicio de una semana en la que el kirchnerismo tendr\u00e1 un importante protagonismo en la agenda pol\u00edtica.<\/p>\n\n\n\n<p>El Presidente encabezar\u00e1 el inicio del tercer Foro Mundial de Derechos Humanos que se realizar\u00e1 en el Centro Cultural Kirchner (CCK). Ser\u00e1 un d\u00eda antes de la presentaci\u00f3n de&nbsp;<strong>Cristina Kirchner&nbsp;<\/strong>en el mismo edificio, que participar\u00e1 del encuentro \u201cUnidad popular y democracia\u201d organizado por el Grupo de Puebla. En dos d\u00edas ambos forcejear\u00e1n por el protagonismo y el centro de la escena.<\/p>\n\n\n\n<p>La participaci\u00f3n p\u00fablica de la f\u00f3rmula presidencial llega en un momento delicado de la econom\u00eda y en un proceso electoral que est\u00e1 arribando, lentamente, a una etapa de definiciones. En ese contexto, Fern\u00e1ndez deja saber que su voluntad releccionista est\u00e1 intacta, mientras que la Vicepresidenta se anima a cuestionar la inflaci\u00f3n, la degradaci\u00f3n del salario y la generaci\u00f3n de trabajo. Apunta a la gesti\u00f3n.<\/p>\n\n\n\n<p>Por la tarde el Presidente se sumergir\u00e1 en una agenda internacional, donde se suele sentir c\u00f3modo. A las 16 recibir\u00e1 en la Casa Rosada al ex presidente de Colombia y ex secretario general de la UNASUR, Ernesto Samper, y una hora despu\u00e9s a los integrantes del Grupo de Puebla.&nbsp;<strong>Cada uno se aferra a su agenda sin mediar palabra. La relaci\u00f3n est\u00e1 rota.<\/strong><\/p>\n\n\n\n<p>Alberto Fern\u00e1ndez y Cristina Kirchner est\u00e1n en una sinton\u00eda diferente, aunque en el futuro quieren lo mismo: que el peronismo siga en la Casa Rosada por cuatro a\u00f1os m\u00e1s.<strong>&nbsp;El Presidente est\u00e1 convencido que tiene credenciales para competir<\/strong>&nbsp;y ya construy\u00f3 una coraza que lo protege de las embestidas de La C\u00e1mpora, a las que ya nadie, dentro del mundo del peronismo, le da demasiada entidad.<\/p>\n\n\n\n<p>La Vicepresidenta mand\u00f3 a los dirigentes bonaerenses que le responden a que armen actos en todo el pa\u00eds para&nbsp;<strong>instalar con mayor fuerza el operativo clamor<\/strong>&nbsp;y as\u00ed seguir teniendo centralidad en el escenario pol\u00edtico. CFK cree que Fern\u00e1ndez puede llevar al peronismo a la derrota si se presenta como candidato. Fern\u00e1ndez cree que es tiempo de que CFK suelte la lapicera y disminuya considerablemente su influencia en la conducci\u00f3n del espacio pol\u00edtico.<\/p>\n\n\n\n<p>Lo que se avecina ya no es solo una discusi\u00f3n por la posible reelecci\u00f3n de Alberto Fern\u00e1ndez, sino un debate de fondo sobre el lugar que el kirchnerismo debe ocupar en el pr\u00f3ximo tiempo del peronismo, ya sea como oficialismo o como oposici\u00f3n. Lo que el Presidente y su c\u00edrculo pol\u00edtico plantean es&nbsp;<strong>el final de la \u201chegemon\u00eda kirchnerista\u201d<\/strong>, aunque creen que ya hay un desgaste muy avanzado de ese bloque pol\u00edtico.<\/p>\n\n\n\n<p>Mientras tanto Cristina Kirchner sigue colocada en un extra\u00f1o lugar dentro de la escena pol\u00edtica, hablando del gobierno del Frente de Todos como si no fuera el suyo pero, al mismo tiempo, dise\u00f1ando la estrategia para seguir conservando el poder dentro del esquema del peronismo. Desde esa zona de confort que ha encontrado, mueve los hilos de su porci\u00f3n de poder, bien representada por intendentes del conurbano, La C\u00e1mpora, funcionarios bonaerenses y sindicalistas K.<\/p>\n\n\n\n<p>\u201cEl kirchnerismo va a sostener el operativo clamor para que Cristina sea candidata. Eso tiene un proceso natural de unos 30 d\u00edas.&nbsp;<strong>En mayo habr\u00e1 m\u00e1s claridad.&nbsp;<\/strong>Si Massa es candidato o no, si Scioli es el que juega y qu\u00e9 hace Alberto.&nbsp;<strong>Es ingenuo pensar que esto se va a ordenar en dos reuniones\u201d<\/strong>, analiz\u00f3 un ministro que conf\u00eda que, m\u00e1s all\u00e1 de las tensiones, el Frente de Todos seguir\u00e1 unido y se producir\u00e1 un ordenamiento.<\/p>\n\n\n\n<p>Durante el fin de semana los dos ministros pol\u00edticos que hacen base en la Casa Rosada corrieron el foco de la interna y empezaron a instalar un discurso m\u00e1s l\u00f3gico para estos tiempos electorales. El Jefe de Gabinete,&nbsp;<strong>Agust\u00edn Rossi<\/strong>, y el ministro del Interior,<strong>&nbsp;Eduardo \u201cWado\u201d de Pedro<\/strong>, apuntaron contra la oposici\u00f3n. Ellos o nosotros.<\/p>\n\n\n\n<p>\u201cEn estas elecciones se pone en juego el sentido de la historia. Nos vamos a enfrentar con quienes dicen que el problema de la Argentina es el peronismo y el populismo\u201d, indic\u00f3 el \u201cChivo\u201d, durante un acto que encabez\u00f3 en Rosario. Adem\u00e1s, dijo que nunca, desde el 2003 a esta parte, \u201ctuvimos enfrente a una derecha tan desembozada, que dice lo que viene a hacer y para qu\u00e9 quiere tomar el poder\u201d.<\/p>\n\n\n\n<p>De Pedro particip\u00f3 del primer congreso nacional de la Corriente Mart\u00edn Fierro y all\u00ed expres\u00f3: \u201cHay que tener la responsabilidad de hablar menos entre nosotros y hablarle m\u00e1s a los j\u00f3venes que no conocieron las consecuencias de (la crisis) 2001. De lo que se trata un proyecto nacional y popular porque hoy el futuro vuelve a discutirse\u201d, explic\u00f3.<\/p>\n\n\n\n<p>Hasta el momento esa l\u00ednea discursiva ha sido muy dif\u00edcil de sostener dentro del Frente de Todos por los constantes idas y vueltas de la interna. Sin embargo,&nbsp;<strong>hay dirigentes que empezaron a tratar de enfocar el discurso en la oposici\u00f3n y salirse del internismo<\/strong>&nbsp;para poder ampliar la discusi\u00f3n pol\u00edtica, sabiendo de antemano que a\u00fan queda mucho camino por recorrer de cara a las elecciones y la tensi\u00f3n ir\u00e1 en aumento.<\/p>\n\n\n\n<p>En el Frente de Todos la incertidumbre aumenta todos los d\u00edas. Cada vez hay m\u00e1s dudas sobre la posibilidad de que Sergio Massa sea candidato pero, al mismo tiempo, est\u00e1 la certeza de que es el candidato respaldado por Cristina Kirchner y que podr\u00eda obtener un importante consenso en el oficialismo. Es el precandidato virtual con m\u00e1s apoyo.<\/p>\n\n\n\n<p>Por otra parte, el camino hacia a la reelecci\u00f3n de Alberto Fern\u00e1ndez desorienta a propios y extra\u00f1os, ya que algunos dirigentes entienden que el Presidente puede terminar compitiendo si se da una determinada ecuaci\u00f3n en la que Massa y CFK quedan fuera del tablero electoral. Las especulaciones y las diferencias que reinan en el Gobierno sacuden a la coalici\u00f3n oficialista que, aunque lo disimule, est\u00e1 partida y sin un rumbo claro.<\/p>\n","protected":false},"excerpt":{"rendered":"<p>El Presidente reaparecer\u00e1 luego de la intervenci\u00f3n m\u00e9dica. La Vicepresidenta encabezar\u00e1 un acto organizado por el Grupo de Puebla. El proyecto de relecci\u00f3n aumenta la incertidumbre en el peronismo y&hellip; <\/p>\n","protected":false},"author":7,"featured_media":48278,"comment_status":"closed","ping_status":"open","sticky":false,"template":"","format":"standard","meta":{"footnotes":""},"categories":[10],"tags":[],"class_list":["post-48277","post","type-post","status-publish","format-standard","has-post-thumbnail","hentry","category-nacionales"],"_links":{"self":[{"href":"https:\/\/corrientesdetarde.com\/index.php\/wp-json\/wp\/v2\/posts\/48277","targetHints":{"allow":["GET"]}}],"collection":[{"href":"https:\/\/corrientesdetarde.com\/index.php\/wp-json\/wp\/v2\/posts"}],"about":[{"href":"https:\/\/corrientesdetarde.com\/index.php\/wp-json\/wp\/v2\/types\/post"}],"author":[{"embeddable":true,"href":"https:\/\/corrientesdetarde.com\/index.php\/wp-json\/wp\/v2\/users\/7"}],"replies":[{"embeddable":true,"href":"https:\/\/corrientesdetarde.com\/index.php\/wp-json\/wp\/v2\/comments?post=48277"}],"version-history":[{"count":1,"href":"https:\/\/corrientesdetarde.com\/index.php\/wp-json\/wp\/v2\/posts\/48277\/revisions"}],"predecessor-version":[{"id":48279,"href":"https:\/\/corrientesdetarde.com\/index.php\/wp-json\/wp\/v2\/posts\/48277\/revisions\/48279"}],"wp:featuredmedia":[{"embeddable":true,"href":"https:\/\/corrientesdetarde.com\/index.php\/wp-json\/wp\/v2\/media\/48278"}],"wp:attachment":[{"href":"https:\/\/corrientesdetarde.com\/index.php\/wp-json\/wp\/v2\/media?parent=48277"}],"wp:term":[{"taxonomy":"category","embeddable":true,"href":"https:\/\/corrientesdetarde.com\/index.php\/wp-json\/wp\/v2\/categories?post=48277"},{"taxonomy":"post_tag","embeddable":true,"href":"https:\/\/corrientesdetarde.com\/index.php\/wp-json\/wp\/v2\/tags?post=48277"}],"curies":[{"name":"wp","href":"https:\/\/api.w.org\/{rel}","templated":true}]}}