{"id":48292,"date":"2023-03-20T07:16:05","date_gmt":"2023-03-20T10:16:05","guid":{"rendered":"https:\/\/corrientesdetarde.com\/?p=48292"},"modified":"2023-03-20T07:16:10","modified_gmt":"2023-03-20T10:16:10","slug":"la-dolorosa-despedida-de-mica-viciconte-a-barbara-oliver-la-nuera-de-ramon-diaz","status":"publish","type":"post","link":"https:\/\/corrientesdetarde.com\/index.php\/espectaculos\/la-dolorosa-despedida-de-mica-viciconte-a-barbara-oliver-la-nuera-de-ramon-diaz\/","title":{"rendered":"<strong>La dolorosa despedida de Mica Viciconte a B\u00e1rbara Oliver, la nuera de Ram\u00f3n D\u00edaz<\/strong>"},"content":{"rendered":"\n<p>La medi\u00e1tica era \u00edntima amiga de la esposa de Michael D\u00edaz, quien falleci\u00f3 el pasado martes en un accidente de tr\u00e1nsito en la Ruta 5<\/p>\n\n\n\n<p>El martes 14, la noticia sobre el accidente automovil\u00edstico de uno de los hijos de&nbsp;<strong>Ram\u00f3n D\u00edaz&nbsp;<\/strong>conmovi\u00f3 a todos.<strong>&nbsp;Michael D\u00edaz<\/strong>&nbsp;hab\u00eda protagonizado un choque frontal con su camioneta en la Ruta 5, cerca de la localidad bonaerense de 9 de Julio, en el que falleci\u00f3 su esposa,&nbsp;<strong>Barbara Oliver&nbsp;<\/strong>de 32 a\u00f1os, y tras el cual el hijo de ambos,&nbsp;<strong>Milo<\/strong>, de 6, tuvo que ser internado. En el siniestro muri\u00f3 tambi\u00e9n el conductor del otro veh\u00edculo,&nbsp;<strong>Aldo Flalque<\/strong>, de 37, por lo que la Justicia investiga al ex futbolista por \u201cdoble homicidio culposo\u201d.<\/p>\n\n\n\n<p>Lo cierto es que este domingo, despu\u00e9s de haberse tomado un tiempo para asimilar semejante dolor,&nbsp;<strong>Mica Viciconte&nbsp;<\/strong>decidi\u00f3 hacer un posteo para despedir a B\u00e1rbara, de quien era amiga \u00edntima. Oriundas ambas de la ciudad de Mar del Plata, se hab\u00edan conocido cuando eran apenas unas adolescentes y, ya instaladas en Buenos Aires, hab\u00edan compartido la misma residencia durante un tiempo. Y la relaci\u00f3n continu\u00f3 hasta el presente, ya que sol\u00edan compartir salidas y asados en familia.<\/p>\n\n\n\n<p>\u201cNos conoc\u00edamos de Mardel hace muchos a\u00f1os y nuestra amistad se hizo mucho m\u00e1s fuerte cuando empezamos a vivir juntas en la resi, vivimos tantos pero tantos momentos juntas, salidas, trabajos, entrenamientos, charlas hasta cualquier hora, risas, llantos y m\u00e1s y hoy me cuesta creer que no est\u00e9s. \u00bfPor qu\u00e9 te fuiste as\u00ed? Ten\u00edas tantos sue\u00f1os por cumplir, tantas cosas por vivir. \u00bfPor qu\u00e9 la vida es tan injusta y perdemos a quien queremos tanto, una mujer alegre , compa\u00f1era , laburadora , una madre incre\u00edble y una familia hermosa?\u201d, comenz\u00f3 diciendo la actual pareja de&nbsp;<strong>Fabi\u00e1n&nbsp;<em>Poroto<\/em>&nbsp;Cubero<\/strong>&nbsp;en una publicaci\u00f3n en la que agreg\u00f3 varias fotos de las dos juntas.<\/p>\n\n\n\n<p>Y sigui\u00f3: \u201cNo quiero caer, me cuesta entender, no encuentro respuesta a muchas preguntas que me hago todo el tiempo. Milo va a estar rodeado de mucho amor y contenido por todos los que lo quieren. Amiga donde sea que est\u00e9s, te voy a extra\u00f1ar much\u00edsimo y recordar siempre y&nbsp;<strong>Luca&nbsp;<\/strong>va a saber lo hermosa persona y excelente amiga que \u00e9ramos\u201d.<\/p>\n\n\n\n<p>Luego, la panelista de&nbsp;<strong><em>Ariel en su salsa<\/em><\/strong>&nbsp;agreg\u00f3 un emojie de una carita con corazones, puso el hastag #BarbyTeVoyAExtra\u00f1ar e hizo una aclaraci\u00f3n para sus m\u00e1s de 3 millones y medio de seguidores que est\u00e1n acostumbrados a ver otro tipo de contenido en sus redes. \u201cNo suelo hacer este tipo de publicaciones, pero de alguna manera quiero que sepan que ten\u00eda una amiga INCREIBLE. Y despedirte como te lo mereces\u201d, se\u00f1al\u00f3.<\/p>\n\n\n\n<p>Seg\u00fan informaron fuentes de la investigaci\u00f3n a&nbsp;<strong>Infobae&nbsp;<\/strong>horas despu\u00e9s del hecho, Michael protagoniz\u00f3 un choque frontal con su camioneta Dodge RAM, que impact\u00f3 contra una Renault Kangoo en la que tambi\u00e9n perdi\u00f3 la vida su conductor. El accidente sucedi\u00f3 este martes en horas del mediod\u00eda del 14 de marzo a la altura del kil\u00f3metro 256 de la Ruta 5, entre las ciudades de Bragado y 9 de Julio. Producto del fuerte impacto, B\u00e1rbara sali\u00f3 despedida del habit\u00e1culo y muri\u00f3 en el acto.<\/p>\n\n\n\n<p>En tanto, D\u00edaz y su hijo fueron derivados al Hospital Julio de Vedia con lesiones leves. El hijo del ex DT de River Plate sufri\u00f3 la fractura de f\u00e9mur derecho y un traumatismo de t\u00f3rax leve, mientras que su nieto se encontraba \u201cen buenas condiciones de salud, con contenci\u00f3n psicol\u00f3gica por parte del equipo de salud mental del hospital\u201d.<\/p>\n","protected":false},"excerpt":{"rendered":"<p>La medi\u00e1tica era \u00edntima amiga de la esposa de Michael D\u00edaz, quien falleci\u00f3 el pasado martes en un accidente de tr\u00e1nsito en la Ruta 5 El martes 14, la noticia&hellip; <\/p>\n","protected":false},"author":7,"featured_media":48293,"comment_status":"closed","ping_status":"open","sticky":false,"template":"","format":"standard","meta":{"footnotes":""},"categories":[19],"tags":[],"class_list":["post-48292","post","type-post","status-publish","format-standard","has-post-thumbnail","hentry","category-espectaculos"],"_links":{"self":[{"href":"https:\/\/corrientesdetarde.com\/index.php\/wp-json\/wp\/v2\/posts\/48292","targetHints":{"allow":["GET"]}}],"collection":[{"href":"https:\/\/corrientesdetarde.com\/index.php\/wp-json\/wp\/v2\/posts"}],"about":[{"href":"https:\/\/corrientesdetarde.com\/index.php\/wp-json\/wp\/v2\/types\/post"}],"author":[{"embeddable":true,"href":"https:\/\/corrientesdetarde.com\/index.php\/wp-json\/wp\/v2\/users\/7"}],"replies":[{"embeddable":true,"href":"https:\/\/corrientesdetarde.com\/index.php\/wp-json\/wp\/v2\/comments?post=48292"}],"version-history":[{"count":1,"href":"https:\/\/corrientesdetarde.com\/index.php\/wp-json\/wp\/v2\/posts\/48292\/revisions"}],"predecessor-version":[{"id":48294,"href":"https:\/\/corrientesdetarde.com\/index.php\/wp-json\/wp\/v2\/posts\/48292\/revisions\/48294"}],"wp:featuredmedia":[{"embeddable":true,"href":"https:\/\/corrientesdetarde.com\/index.php\/wp-json\/wp\/v2\/media\/48293"}],"wp:attachment":[{"href":"https:\/\/corrientesdetarde.com\/index.php\/wp-json\/wp\/v2\/media?parent=48292"}],"wp:term":[{"taxonomy":"category","embeddable":true,"href":"https:\/\/corrientesdetarde.com\/index.php\/wp-json\/wp\/v2\/categories?post=48292"},{"taxonomy":"post_tag","embeddable":true,"href":"https:\/\/corrientesdetarde.com\/index.php\/wp-json\/wp\/v2\/tags?post=48292"}],"curies":[{"name":"wp","href":"https:\/\/api.w.org\/{rel}","templated":true}]}}