{"id":48295,"date":"2023-03-20T07:18:42","date_gmt":"2023-03-20T10:18:42","guid":{"rendered":"https:\/\/corrientesdetarde.com\/?p=48295"},"modified":"2023-03-20T07:18:44","modified_gmt":"2023-03-20T10:18:44","slug":"pampita-llevo-a-sus-hijos-a-lollapalooza-y-benicio-lloro-al-conocer-a-su-idolo","status":"publish","type":"post","link":"https:\/\/corrientesdetarde.com\/index.php\/espectaculos\/pampita-llevo-a-sus-hijos-a-lollapalooza-y-benicio-lloro-al-conocer-a-su-idolo\/","title":{"rendered":"<strong>Pampita llev\u00f3 a sus hijos a Lollapalooza y Benicio llor\u00f3 al conocer a su \u00eddolo<\/strong>"},"content":{"rendered":"\n<p>La modelo comparti\u00f3 varias fotos y, en una de ellas, se puede ver al ni\u00f1o con l\u00e1grimas en los ojos junto al youtuber Spreen<\/p>\n\n\n\n<p><strong><em>Lollapalooza<\/em><\/strong>&nbsp;logr\u00f3 integrar a grandes y chicos en un mismo festival. Y ya es habitual ver a familia enteras disfrutando de los distintos shows para todo p\u00fablico que se ofrecen en los distintos escenarios. Por caso, una de las figuras que dijo presente en esta edici\u00f3n fue<strong>&nbsp;Carolina&nbsp;<em>Pampita<\/em>&nbsp;Ardohain<\/strong>, quien comparti\u00f3 varias fotos en las que se la puede ver junto a su esposo,&nbsp;<strong>Roberto Garc\u00eda Morit\u00e1n<\/strong>, sus tres hijos varones,&nbsp;<strong>Bautista, Beltr\u00e1n&nbsp;<\/strong>y<strong>&nbsp;Benicio<\/strong>&nbsp;de su anterior pareja con<strong>&nbsp;Benjam\u00edn Vicu\u00f1a<\/strong>, y hasta la peque\u00f1a&nbsp;<strong>Ana<\/strong>, de su actual matrimonio.<\/p>\n\n\n\n<p>Entre las muchas postales que la conductora de&nbsp;<strong><em>El hotel de los famosos&nbsp;<\/em><\/strong>subi\u00f3 a su cuenta de<em>&nbsp;Instagram<\/em>, se destaca una del momento en el que Beltr\u00e1n y Benicio posaron junto al youtuber&nbsp;<strong>Ivan Ra\u00fal Buhajeruk Fern\u00e1ndez,<\/strong>&nbsp;conocido por todos como<strong>&nbsp;Spreen<\/strong>. Y es que, en ella, se puede ver al menor de los nenes llorando de la emoci\u00f3n.<\/p>\n\n\n\n<p>\u201cCuando mi hermano conoci\u00f3 a su \u00eddolo\u201d, hab\u00eda escrito en su propias redes Beltr\u00e1n, agregando un emojie de carita con l\u00e1grima. Y su mam\u00e1 lo celebr\u00f3 con varias manitos aplaudiendo, al igual que muchos de sus seguidores que se conmovieron con sus l\u00e1grimas.<\/p>\n\n\n\n<p>En otras de las fotos, se pudo ver a la modelo sonriendo junto a su marido, posando con sus ni\u00f1os en un banner del festival, observando la concentraci\u00f3n de Bautista y hasta cargando a la peque\u00f1a Ana en una mochila para beb\u00e9s, para poder alentar a sus bandas favoritas con mayor comodidad.<\/p>\n\n\n\n<p>Hace apenas unos d\u00edas, la ni\u00f1a que est\u00e1 a punto de cumplir sus primeros 2 a\u00f1os entr\u00f3 al pre-escolar. Y fue su padre el encargado de compartirlo con sus seguidores en las redes. \u201cEmpezando el primer d\u00eda de Jard\u00edn\u201d, hab\u00eda escrito el pol\u00edtico en su cuenta personal de Instagram, acompa\u00f1ado por un video de la menor en una jornada al aire libre donde, junto a las maestras y las dem\u00e1s madres y padres, todos los ni\u00f1os comenzaron a vincularse.<\/p>\n\n\n\n<p>Hubo momentos de pintura, de jugar con cochecitos y hasta de comer churros e incluso de disfrazarse, adem\u00e1s del baile con canciones que las maestras entonaban. Las im\u00e1genes tambi\u00e9n fueron compartidas a trav\u00e9s del perfil a nombre de la menor nacida el pasado 22 de julio de 2021, y que maneja su madre, como bien lo aclara en la informaci\u00f3n del perfil.<\/p>\n\n\n\n<p>A fines de febrero, en tanto, fue Pampita la que utiliz\u00f3 sus redes para mostrar lo grande que estaba su hijo Bautista. \u201c\u00bfEn qu\u00e9 momento creci\u00f3 tanto?\u201d, se pregunt\u00f3 en un posteo en el que comparti\u00f3 un par de fotos que se tom\u00f3 junto al joven frente al espejo del ascensor. La publicaci\u00f3n tuvo cientos de likes y miles de comentarios, entre ellos, los de varios famosos que conocieron al hijo de la modelo cuando era un beb\u00e9. \u201c\u00a1No! \u00a1Qu\u00e9 bello!\u201d, puso&nbsp;<strong>Cathy Fulop<\/strong>. \u201cNahhhh\u201d, escribi\u00f3 sorprendido&nbsp;<strong>\u00c1ngel de Brito<\/strong>. \u201cWowww\u201d, agreg\u00f3&nbsp;<strong>Flor Torrente<\/strong>. \u201c\u00a1Awww enorme!\u201d, se\u00f1al\u00f3&nbsp;<strong>Claudia Albertario<\/strong>. Cabe recordar que Pampita tambi\u00e9n tuvo a&nbsp;<strong>Banquita<\/strong>, quien falleci\u00f3 el 8 de septiembre de 2012 a los 6 a\u00f1os, junto al gal\u00e1n chileno. Y tanto ella como Vicu\u00f1a suelen homenajearla en sus redes. D\u00edas atr\u00e1s, Benjam\u00edn mostr\u00f3 un peque\u00f1o altar que dispuso para ella en una parte de su casa. Junto a una foto de la nena, sobre un espejo, encendi\u00f3 dos velas blancas adelante de la imagen. Para ambientar el momento, puso la canci\u00f3n&nbsp;<em>Ni\u00f1a bonita<\/em>, de&nbsp;<strong>Dstance<\/strong><\/p>\n","protected":false},"excerpt":{"rendered":"<p>La modelo comparti\u00f3 varias fotos y, en una de ellas, se puede ver al ni\u00f1o con l\u00e1grimas en los ojos junto al youtuber Spreen Lollapalooza&nbsp;logr\u00f3 integrar a grandes y chicos&hellip; <\/p>\n","protected":false},"author":7,"featured_media":48296,"comment_status":"closed","ping_status":"open","sticky":false,"template":"","format":"standard","meta":{"footnotes":""},"categories":[19],"tags":[],"class_list":["post-48295","post","type-post","status-publish","format-standard","has-post-thumbnail","hentry","category-espectaculos"],"_links":{"self":[{"href":"https:\/\/corrientesdetarde.com\/index.php\/wp-json\/wp\/v2\/posts\/48295","targetHints":{"allow":["GET"]}}],"collection":[{"href":"https:\/\/corrientesdetarde.com\/index.php\/wp-json\/wp\/v2\/posts"}],"about":[{"href":"https:\/\/corrientesdetarde.com\/index.php\/wp-json\/wp\/v2\/types\/post"}],"author":[{"embeddable":true,"href":"https:\/\/corrientesdetarde.com\/index.php\/wp-json\/wp\/v2\/users\/7"}],"replies":[{"embeddable":true,"href":"https:\/\/corrientesdetarde.com\/index.php\/wp-json\/wp\/v2\/comments?post=48295"}],"version-history":[{"count":1,"href":"https:\/\/corrientesdetarde.com\/index.php\/wp-json\/wp\/v2\/posts\/48295\/revisions"}],"predecessor-version":[{"id":48297,"href":"https:\/\/corrientesdetarde.com\/index.php\/wp-json\/wp\/v2\/posts\/48295\/revisions\/48297"}],"wp:featuredmedia":[{"embeddable":true,"href":"https:\/\/corrientesdetarde.com\/index.php\/wp-json\/wp\/v2\/media\/48296"}],"wp:attachment":[{"href":"https:\/\/corrientesdetarde.com\/index.php\/wp-json\/wp\/v2\/media?parent=48295"}],"wp:term":[{"taxonomy":"category","embeddable":true,"href":"https:\/\/corrientesdetarde.com\/index.php\/wp-json\/wp\/v2\/categories?post=48295"},{"taxonomy":"post_tag","embeddable":true,"href":"https:\/\/corrientesdetarde.com\/index.php\/wp-json\/wp\/v2\/tags?post=48295"}],"curies":[{"name":"wp","href":"https:\/\/api.w.org\/{rel}","templated":true}]}}