{"id":48301,"date":"2023-03-20T07:24:02","date_gmt":"2023-03-20T10:24:02","guid":{"rendered":"https:\/\/corrientesdetarde.com\/?p=48301"},"modified":"2023-03-20T07:24:04","modified_gmt":"2023-03-20T10:24:04","slug":"la-fiesta-de-diego-torres-en-lollapalooza-2023-anduvimos-el-mismo-camino","status":"publish","type":"post","link":"https:\/\/corrientesdetarde.com\/index.php\/espectaculos\/la-fiesta-de-diego-torres-en-lollapalooza-2023-anduvimos-el-mismo-camino\/","title":{"rendered":"<strong>La fiesta de Diego Torres en Lollapalooza 2023: anduvimos el mismo camino<\/strong>"},"content":{"rendered":"\n<p>Con una banda afilada y vers\u00e1til, el cantante pase\u00f3 por sus 30 a\u00f1os de trayectoria y recibi\u00f3 la ovaci\u00f3n del p\u00fablico<\/p>\n\n\n\n<p>Si algo reconoce el gen<strong><em>&nbsp;Lollapalooza<\/em><\/strong>&nbsp;es la diversidad, en el sentido m\u00e1s amplio del t\u00e9rmino. Libre de prejuicios musicales, el festival nuclea en su origen ese magma novedoso definido como alternativo, pero en su evoluci\u00f3n, y sobre todo en la experiencia en Argentina, supo nuclear a artistas de diferentes estilos y generaciones.<\/p>\n\n\n\n<p>Por este motivo,&nbsp;<strong>Diego Torres<\/strong>&nbsp;puede cuadrar naturalmente en una grilla con&nbsp;<strong>Mar\u00eda Becerra&nbsp;<\/strong>o&nbsp;<strong>Lil Nas X,<\/strong>&nbsp;como quiz\u00e1s no podr\u00eda hacerlo en otros festivales de rock. Y el p\u00fablico es el que m\u00e1s entiende esta premisa, y en la&nbsp;<em>lluviasoleada<\/em>&nbsp;tarde del domingo, se acerc\u00f3 en masa a ser testigo en vivo y en directa de esas canciones que escucharon en alg\u00fan lugar de su inconsciente.<\/p>\n\n\n\n<p>Con el oficio y el aplomo de tantos a\u00f1os de escenarios, Diego arm\u00f3 el setlist a tono con este tipo de eventos. Ech\u00f3 mano a sus grandes cl\u00e1sicos que sonaron casi en continuado, apenas matizado con su particular carisma de entretenedor. Ingres\u00f3 al trote, pisando sobre seguro al comp\u00e1s de \u201cPuedo decir que s\u00ed\u201d. Lentes oscuros, chaleco sin mangas irregular y el sost\u00e9n de una big band para apuntalar una de las propuestas m\u00e1s llamativas de la grilla.<\/p>\n\n\n\n<p>\u201cBuenas tardes, Buenos Aires. \u00bfEstamos listos para cantar?\u201d pregunt\u00f3 Diego antes de jugar con sus coristas y dar paso al medley con \u201cPor la vereda del sol\u201d, y la multitud le hizo caso, con el celular en mano, para retratar el momento. \u201cEs una alegr\u00eda estar en este festival con estos artistas tan diversos. Me gusta cantar para gente tan joven\u201d, se\u00f1al\u00f3 el cantante, haci\u00e9ndose cargo de la brecha generacional y brome\u00f3 al adjudicarse 28 a\u00f1os.<\/p>\n\n\n\n<p>Pero a la hora de la seriedad, el show de Torres no tuvo fisuras. Sostenido en el cubano&nbsp;<strong>Alex Batista<\/strong>, director musical de esta etapa, impregnando de a\u00fan m\u00e1s swing latino a su propuesta, se luci\u00f3 en la tr\u00edada \u201cSue\u00f1os\u201d, \u201cAbriendo caminos\u201d y \u201cAndando\u201d.<\/p>\n\n\n\n<p>Despu\u00e9s de \u201cQue no me pierda\u201d lleg\u00f3 el momento m\u00e1s rockero de la tarde con \u201cAmor correspondido\u201d, grabada originalmente junto a&nbsp;<strong>Carlos Santana<\/strong>&nbsp;en su \u00e1lbum de duetos. Aqu\u00ed, las luces se fueron con su sobrino&nbsp;<strong>Pedro<\/strong>, quien tom\u00f3 la posta del genial guitarrista mexicano y recibi\u00f3 la merecida ovaci\u00f3n del p\u00fablico. Y para contrastar, el clima caribe\u00f1o -nunca mejor puesto a juzgar por los vaivenes del cielo de San Isidro- dio paso a \u201cUsted\u201d, a pura percusi\u00f3n sabrosona.<\/p>\n\n\n\n<p>\u201cEsta es una canci\u00f3n para mi familia, como la tuya, como cualquier otra\u201d, dijo m\u00e1s tarde justo \u00e9l, integrante de una de las familias m\u00e1s representativas del espect\u00e1culo. El pie fue para \u201cTratar de estar mejor\u201d, cat\u00e1rtica, cadenciosa, con el p\u00fablico con los celulares en alto y las manos en forma de plegaria.<\/p>\n\n\n\n<p>\u201cLas canciones son inoxidables, est\u00e1n ah\u00ed. Acompa\u00f1an muchas vidas, muchas causas, en momentos buenos malos. Como esta canci\u00f3n que dice as\u00ed&#8230;\u201d, dijo el cantante antes del cierre y todos supieron que era el preludio para \u201cColor esperanza\u201d. Uno de los t\u00edtulos que fue banda de sonido de la crisis argentina de 2001, ocurrida cuando muchos de los presentes a\u00fan no hab\u00edan nacido, y sin embargo la corearon como si fuera el \u00faltimo tema de moda. Porque as\u00ed son los cl\u00e1sicos, perduran a lo largo del tiempo y se pasan de generaci\u00f3n en generaci\u00f3n.<\/p>\n","protected":false},"excerpt":{"rendered":"<p>Con una banda afilada y vers\u00e1til, el cantante pase\u00f3 por sus 30 a\u00f1os de trayectoria y recibi\u00f3 la ovaci\u00f3n del p\u00fablico Si algo reconoce el gen&nbsp;Lollapalooza&nbsp;es la diversidad, en el&hellip; <\/p>\n","protected":false},"author":7,"featured_media":48302,"comment_status":"closed","ping_status":"open","sticky":false,"template":"","format":"standard","meta":{"footnotes":""},"categories":[19],"tags":[],"class_list":["post-48301","post","type-post","status-publish","format-standard","has-post-thumbnail","hentry","category-espectaculos"],"_links":{"self":[{"href":"https:\/\/corrientesdetarde.com\/index.php\/wp-json\/wp\/v2\/posts\/48301","targetHints":{"allow":["GET"]}}],"collection":[{"href":"https:\/\/corrientesdetarde.com\/index.php\/wp-json\/wp\/v2\/posts"}],"about":[{"href":"https:\/\/corrientesdetarde.com\/index.php\/wp-json\/wp\/v2\/types\/post"}],"author":[{"embeddable":true,"href":"https:\/\/corrientesdetarde.com\/index.php\/wp-json\/wp\/v2\/users\/7"}],"replies":[{"embeddable":true,"href":"https:\/\/corrientesdetarde.com\/index.php\/wp-json\/wp\/v2\/comments?post=48301"}],"version-history":[{"count":1,"href":"https:\/\/corrientesdetarde.com\/index.php\/wp-json\/wp\/v2\/posts\/48301\/revisions"}],"predecessor-version":[{"id":48303,"href":"https:\/\/corrientesdetarde.com\/index.php\/wp-json\/wp\/v2\/posts\/48301\/revisions\/48303"}],"wp:featuredmedia":[{"embeddable":true,"href":"https:\/\/corrientesdetarde.com\/index.php\/wp-json\/wp\/v2\/media\/48302"}],"wp:attachment":[{"href":"https:\/\/corrientesdetarde.com\/index.php\/wp-json\/wp\/v2\/media?parent=48301"}],"wp:term":[{"taxonomy":"category","embeddable":true,"href":"https:\/\/corrientesdetarde.com\/index.php\/wp-json\/wp\/v2\/categories?post=48301"},{"taxonomy":"post_tag","embeddable":true,"href":"https:\/\/corrientesdetarde.com\/index.php\/wp-json\/wp\/v2\/tags?post=48301"}],"curies":[{"name":"wp","href":"https:\/\/api.w.org\/{rel}","templated":true}]}}