{"id":48315,"date":"2023-03-20T08:46:59","date_gmt":"2023-03-20T11:46:59","guid":{"rendered":"https:\/\/corrientesdetarde.com\/?p=48315"},"modified":"2023-03-20T08:54:00","modified_gmt":"2023-03-20T11:54:00","slug":"cronograma-de-pagos-plus-de-15-mil-pesos-quienes-cobran-hoy-lunes-20","status":"publish","type":"post","link":"https:\/\/corrientesdetarde.com\/index.php\/locales\/cronograma-de-pagos-plus-de-15-mil-pesos-quienes-cobran-hoy-lunes-20\/","title":{"rendered":"Cronograma de pagos del Plus de 15 mil pesos: \u00bfqui\u00e9nes cobran hoy lunes 20?"},"content":{"rendered":"\n<p>Se trata del adicional de refuerzo dispuesto por el Gobierno de Corrientes. El cronograma se completa el mi\u00e9rcoles.<\/p>\n\n\n\n<p>Este lunes 20 de marzo contin\u00faa pag\u00e1ndose el plus de refuerzo para los empleados p\u00fablicos de Corrientes. Se trata de los 15 mil pesos remunerativos dispuestos por el Gobierno.<\/p>\n\n\n\n<p>En esta jornada cobrar\u00e1n los trabajadores con DNIs terminados en 4 y 5. Vale mencionar que el tramo est\u00e1 disponible desde el s\u00e1bado 18 en cajeros autom\u00e1ticos del Banco de Corrientes.<\/p>\n\n\n\n<p>El cronograma continuar\u00e1 el martes 21 para 6 y 7. Se completar\u00e1 para 8 y 9 este mi\u00e9rcoles 22.<\/p>\n\n\n\n<p>Una vez completado este esquema el Gobierno de Corrientes alistar\u00e1 el pago de los sueldos correspondientes al mes de marzo. Ser\u00e1 con los aumentos anunciados por el gobernador Gustavo Vald\u00e9s.<\/p>\n","protected":false},"excerpt":{"rendered":"<p>Se trata del adicional de refuerzo dispuesto por el Gobierno de Corrientes. El cronograma se completa el mi\u00e9rcoles. Este lunes 20 de marzo contin\u00faa pag\u00e1ndose el plus de refuerzo para&hellip; <\/p>\n","protected":false},"author":4,"featured_media":48316,"comment_status":"closed","ping_status":"open","sticky":false,"template":"","format":"standard","meta":{"footnotes":""},"categories":[8],"tags":[],"class_list":["post-48315","post","type-post","status-publish","format-standard","has-post-thumbnail","hentry","category-locales"],"_links":{"self":[{"href":"https:\/\/corrientesdetarde.com\/index.php\/wp-json\/wp\/v2\/posts\/48315","targetHints":{"allow":["GET"]}}],"collection":[{"href":"https:\/\/corrientesdetarde.com\/index.php\/wp-json\/wp\/v2\/posts"}],"about":[{"href":"https:\/\/corrientesdetarde.com\/index.php\/wp-json\/wp\/v2\/types\/post"}],"author":[{"embeddable":true,"href":"https:\/\/corrientesdetarde.com\/index.php\/wp-json\/wp\/v2\/users\/4"}],"replies":[{"embeddable":true,"href":"https:\/\/corrientesdetarde.com\/index.php\/wp-json\/wp\/v2\/comments?post=48315"}],"version-history":[{"count":3,"href":"https:\/\/corrientesdetarde.com\/index.php\/wp-json\/wp\/v2\/posts\/48315\/revisions"}],"predecessor-version":[{"id":48319,"href":"https:\/\/corrientesdetarde.com\/index.php\/wp-json\/wp\/v2\/posts\/48315\/revisions\/48319"}],"wp:featuredmedia":[{"embeddable":true,"href":"https:\/\/corrientesdetarde.com\/index.php\/wp-json\/wp\/v2\/media\/48316"}],"wp:attachment":[{"href":"https:\/\/corrientesdetarde.com\/index.php\/wp-json\/wp\/v2\/media?parent=48315"}],"wp:term":[{"taxonomy":"category","embeddable":true,"href":"https:\/\/corrientesdetarde.com\/index.php\/wp-json\/wp\/v2\/categories?post=48315"},{"taxonomy":"post_tag","embeddable":true,"href":"https:\/\/corrientesdetarde.com\/index.php\/wp-json\/wp\/v2\/tags?post=48315"}],"curies":[{"name":"wp","href":"https:\/\/api.w.org\/{rel}","templated":true}]}}