{"id":48324,"date":"2023-03-20T09:09:40","date_gmt":"2023-03-20T12:09:40","guid":{"rendered":"https:\/\/corrientesdetarde.com\/?p=48324"},"modified":"2023-03-20T09:09:43","modified_gmt":"2023-03-20T12:09:43","slug":"cronograma-de-pago-de-sueldos-en-corrientes-cuando-se-anunciara-la-fecha-de-pagos-con-los-aumentos-del-gobierno","status":"publish","type":"post","link":"https:\/\/corrientesdetarde.com\/index.php\/locales\/cronograma-de-pago-de-sueldos-en-corrientes-cuando-se-anunciara-la-fecha-de-pagos-con-los-aumentos-del-gobierno\/","title":{"rendered":"Cronograma de pago de Sueldos en Corrientes: \u00bfcu\u00e1ndo se anunciar\u00e1 la fecha de pagos con los aumentos del Gobierno?"},"content":{"rendered":"\n<p>Este mi\u00e9rcoles 22 se completa el esquema del plus de refuerzo. Es as\u00ed que la Administraci\u00f3n P\u00fablica comienza a esperar por el pago de los salarios del mes de marzo.<\/p>\n\n\n\n<p>El Gobierno de Corrientes alista el pago de los sueldos correspondientes al mes de marzo. En el Ministerio de Hacienda ya est\u00e1n realizando los preparativos.<\/p>\n\n\n\n<p>Se trata del primer sueldo que perciben los estatales con los aumentos anunciados por el gobernador Gustavo Vald\u00e9s. Son mejoras que rondan el 30% seg\u00fan lo dado a conocer por la Administraci\u00f3n P\u00fablica.<\/p>\n\n\n\n<p>La administraci\u00f3n p\u00fablica provincial actualmente se encuentra pagando el plus de refuerzo. Este lunes 20 el adicional remunerativo lo cobran los trabajadores con DNIs terminados en 4 y 5, el esquema se completar\u00e1 este mi\u00e9rcoles.<\/p>\n\n\n\n<figure class=\"wp-block-embed is-type-rich is-provider-twitter wp-block-embed-twitter\"><div class=\"wp-block-embed__wrapper\">\n<blockquote class=\"twitter-tweet\" data-width=\"550\" data-dnt=\"true\"><p lang=\"es\" dir=\"ltr\">\u00a1Buenos d\u00edas! CON AUMENTO, el Plus de Refuerzo del mes de marzo para trabajadores provinciales activos y jubilados se pagar\u00e1 por terminaci\u00f3n de DNI:<br><br>\u2022 Jueves 16: 0 y 1<br>\u2022 Viernes 17: 2 y 3<br>\u2022 Lunes 20: 4 y 5*<br>\u2022 Martes 21: 6 y 7<br>\u2022 Mi\u00e9rcoles 22: 8 y 9<br><br>* En cajeros, s\u00e1bado 18.<\/p>&mdash; Gustavo Vald\u00e9s (@gustavovaldesok) <a href=\"https:\/\/twitter.com\/gustavovaldesok\/status\/1635596641406185475?ref_src=twsrc%5Etfw\">March 14, 2023<\/a><\/blockquote><script async src=\"https:\/\/platform.twitter.com\/widgets.js\" charset=\"utf-8\"><\/script>\n<\/div><\/figure>\n\n\n\n<p>Por lo que como viene ocurriendo desde hace varios meses, una vez completado este cronograma se activar\u00eda el del mes de marzo. El anuncio podr\u00eda realizarse antes de que termine esta semana.<\/p>\n\n\n\n<p>Continuando con esa l\u00ednea, el inicio del pago de sueldos comenzar\u00eda el lunes 27 en t\u00e9rminos formales aunque podr\u00eda estar en cajeros desde el s\u00e1bado 25. El \u00faltimo d\u00eda de pagos ser\u00eda el viernes 31.<\/p>\n","protected":false},"excerpt":{"rendered":"<p>Este mi\u00e9rcoles 22 se completa el esquema del plus de refuerzo. Es as\u00ed que la Administraci\u00f3n P\u00fablica comienza a esperar por el pago de los salarios del mes de marzo.&hellip; <\/p>\n","protected":false},"author":4,"featured_media":48325,"comment_status":"closed","ping_status":"open","sticky":false,"template":"","format":"standard","meta":{"footnotes":""},"categories":[8],"tags":[],"class_list":["post-48324","post","type-post","status-publish","format-standard","has-post-thumbnail","hentry","category-locales"],"_links":{"self":[{"href":"https:\/\/corrientesdetarde.com\/index.php\/wp-json\/wp\/v2\/posts\/48324","targetHints":{"allow":["GET"]}}],"collection":[{"href":"https:\/\/corrientesdetarde.com\/index.php\/wp-json\/wp\/v2\/posts"}],"about":[{"href":"https:\/\/corrientesdetarde.com\/index.php\/wp-json\/wp\/v2\/types\/post"}],"author":[{"embeddable":true,"href":"https:\/\/corrientesdetarde.com\/index.php\/wp-json\/wp\/v2\/users\/4"}],"replies":[{"embeddable":true,"href":"https:\/\/corrientesdetarde.com\/index.php\/wp-json\/wp\/v2\/comments?post=48324"}],"version-history":[{"count":1,"href":"https:\/\/corrientesdetarde.com\/index.php\/wp-json\/wp\/v2\/posts\/48324\/revisions"}],"predecessor-version":[{"id":48326,"href":"https:\/\/corrientesdetarde.com\/index.php\/wp-json\/wp\/v2\/posts\/48324\/revisions\/48326"}],"wp:featuredmedia":[{"embeddable":true,"href":"https:\/\/corrientesdetarde.com\/index.php\/wp-json\/wp\/v2\/media\/48325"}],"wp:attachment":[{"href":"https:\/\/corrientesdetarde.com\/index.php\/wp-json\/wp\/v2\/media?parent=48324"}],"wp:term":[{"taxonomy":"category","embeddable":true,"href":"https:\/\/corrientesdetarde.com\/index.php\/wp-json\/wp\/v2\/categories?post=48324"},{"taxonomy":"post_tag","embeddable":true,"href":"https:\/\/corrientesdetarde.com\/index.php\/wp-json\/wp\/v2\/tags?post=48324"}],"curies":[{"name":"wp","href":"https:\/\/api.w.org\/{rel}","templated":true}]}}