{"id":48344,"date":"2023-03-20T10:07:29","date_gmt":"2023-03-20T13:07:29","guid":{"rendered":"https:\/\/corrientesdetarde.com\/?p=48344"},"modified":"2023-03-20T10:07:32","modified_gmt":"2023-03-20T13:07:32","slug":"nueva-liberacion-de-ejemplares-los-guacamayos-rojos-ya-vuelan-en-el-cielo-del-ibera","status":"publish","type":"post","link":"https:\/\/corrientesdetarde.com\/index.php\/locales\/nueva-liberacion-de-ejemplares-los-guacamayos-rojos-ya-vuelan-en-el-cielo-del-ibera\/","title":{"rendered":"nueva liberaci\u00f3n de ejemplares: Los guacamayos rojos ya vuelan en el cielo del Iber\u00e1"},"content":{"rendered":"\n<p>Seg\u00fan informaron desde la<strong>\u00a0Fundaci\u00f3n Rewilding\u00a0<\/strong>este grupo de cuatro aves viene a reforzar la reintroducci\u00f3n de esta especie que estuvo extinta en Argentina por 170 a\u00f1os.<\/p>\n\n\n\n<p>Una grata noticia para la fauna aut\u00f3ctona de Corrientes se conoci\u00f3 este domingo, ya que fueron liberados cuatro guacamayos rojos en la zona de los Esteros del Iber\u00e1. En ese lugar se reinsertaron Apio, Puerro, Pistacho y Merey, ejemplares que se suman a la poblaci\u00f3n silvestre del Parque.<\/p>\n\n\n\n<p>Seg\u00fan informaron desde la Fundaci\u00f3n Rewilding y la Fundaci\u00f3n Temaik\u00e9n quienes estuvieron a cargo del proceso, este grupo viene a reforzar la reintroducci\u00f3n de esta especie que estuvo extinta en Argentina por 170 a\u00f1os.<\/p>\n\n\n\n<p>&#8220;Son cuatro guacamayos rojos que ya vivieron su etapa de traslados, cuarentena, entrenamientos (para aprender a volar, reconocer frutos nativos y depredadores), y aclimataci\u00f3n en corrales de pre-suelta&#8221;, explicaron desde la Fundaci\u00f3n Rewilding Argentina.&nbsp;<\/p>\n\n\n\n<p>&nbsp;La nueva poblaci\u00f3n de guacamayos se suma al resto de las que ya viven libre en los montes de Yerbalito, en el norte de los Esteros. &#8220;En el Portal Yerbalito estamos liberando a Pistacho y Merey, dos guacamayos decomisados en la Ciudad de Buenos Aires y luego derivados al Centro de Rescate de Fauna Silvestre de Costanera Sur&#8221;, indicaron desde el organismo.<\/p>\n\n\n\n<p>As\u00ed mismo agregaron que Apio y Puerro est\u00e1n destinados al Portal Cambyret\u00e1. Sobre ellos detallaron: &#8220;Dos ejemplares criados por una pareja reproductiva en Fundaci\u00f3n Temaik\u00e8n (Provincia de Buenos Aires), quienes cuentan con varias parejas de guacamayos rojos destinadas especialmente a la cr\u00eda de animales para el proyecto de reintroducci\u00f3n en Iber\u00e1&#8221;.<\/p>\n","protected":false},"excerpt":{"rendered":"<p>Seg\u00fan informaron desde la\u00a0Fundaci\u00f3n Rewilding\u00a0este grupo de cuatro aves viene a reforzar la reintroducci\u00f3n de esta especie que estuvo extinta en Argentina por 170 a\u00f1os. Una grata noticia para la&hellip; <\/p>\n","protected":false},"author":4,"featured_media":48345,"comment_status":"closed","ping_status":"open","sticky":false,"template":"","format":"standard","meta":{"footnotes":""},"categories":[8],"tags":[],"class_list":["post-48344","post","type-post","status-publish","format-standard","has-post-thumbnail","hentry","category-locales"],"_links":{"self":[{"href":"https:\/\/corrientesdetarde.com\/index.php\/wp-json\/wp\/v2\/posts\/48344","targetHints":{"allow":["GET"]}}],"collection":[{"href":"https:\/\/corrientesdetarde.com\/index.php\/wp-json\/wp\/v2\/posts"}],"about":[{"href":"https:\/\/corrientesdetarde.com\/index.php\/wp-json\/wp\/v2\/types\/post"}],"author":[{"embeddable":true,"href":"https:\/\/corrientesdetarde.com\/index.php\/wp-json\/wp\/v2\/users\/4"}],"replies":[{"embeddable":true,"href":"https:\/\/corrientesdetarde.com\/index.php\/wp-json\/wp\/v2\/comments?post=48344"}],"version-history":[{"count":1,"href":"https:\/\/corrientesdetarde.com\/index.php\/wp-json\/wp\/v2\/posts\/48344\/revisions"}],"predecessor-version":[{"id":48346,"href":"https:\/\/corrientesdetarde.com\/index.php\/wp-json\/wp\/v2\/posts\/48344\/revisions\/48346"}],"wp:featuredmedia":[{"embeddable":true,"href":"https:\/\/corrientesdetarde.com\/index.php\/wp-json\/wp\/v2\/media\/48345"}],"wp:attachment":[{"href":"https:\/\/corrientesdetarde.com\/index.php\/wp-json\/wp\/v2\/media?parent=48344"}],"wp:term":[{"taxonomy":"category","embeddable":true,"href":"https:\/\/corrientesdetarde.com\/index.php\/wp-json\/wp\/v2\/categories?post=48344"},{"taxonomy":"post_tag","embeddable":true,"href":"https:\/\/corrientesdetarde.com\/index.php\/wp-json\/wp\/v2\/tags?post=48344"}],"curies":[{"name":"wp","href":"https:\/\/api.w.org\/{rel}","templated":true}]}}