{"id":48350,"date":"2023-03-20T10:27:20","date_gmt":"2023-03-20T13:27:20","guid":{"rendered":"https:\/\/corrientesdetarde.com\/?p=48350"},"modified":"2023-03-20T10:27:22","modified_gmt":"2023-03-20T13:27:22","slug":"omar-larroza-rector-de-la-unne-acompanara-a-valdes-en-su-viaje-de-israel","status":"publish","type":"post","link":"https:\/\/corrientesdetarde.com\/index.php\/politica\/omar-larroza-rector-de-la-unne-acompanara-a-valdes-en-su-viaje-de-israel\/","title":{"rendered":"Omar Larroza,\u00a0rector de la UNNE,\u00a0 acompa\u00f1ar\u00e1 a Vald\u00e9s en su viaje de Israel"},"content":{"rendered":"\n<p>Omar Larroza, Rector de la UNNE, confirm\u00f3 que que ser\u00e1 parte de la comitiva que acompa\u00f1ar\u00e1 al Gobernador en su viaje a Israel. El objetivo es conocer el sistema de riego con el que este pa\u00eds combate el deficit h\u00eddrico.<\/p>\n\n\n\n<p>El rector de la Universidad Nacional del Nordeste Omar Larroza confirm\u00f3 que acompa\u00f1ar\u00e1 al gobernador Gustavo Vald\u00e9s en su misi\u00f3n comercial a Israel. All\u00ed se interiorizar\u00e1 sobre el sistema de riego mediante el cual el pa\u00eds de Oriente Medio lidia con la escasez h\u00eddrica.<\/p>\n\n\n\n<p>&#8220;Fui invitado por el gobernador Gustavo Vald\u00e9s , el objetivo es observar la tecnolog\u00eda que tienen &nbsp;ve ver con riesgo. Adem\u00e1s tengo invitaciones de dos universidades para visitar facultades de Medicina&#8221; resalt\u00f3 Larroza.<\/p>\n\n\n\n<p>&#8220;Israel tiene interrelaci\u00f3n importante con tecnolog\u00eda, es una matriz y un modelo que queremos observarla&#8221; explic\u00f3.<\/p>\n","protected":false},"excerpt":{"rendered":"<p>Omar Larroza, Rector de la UNNE, confirm\u00f3 que que ser\u00e1 parte de la comitiva que acompa\u00f1ar\u00e1 al Gobernador en su viaje a Israel. El objetivo es conocer el sistema de&hellip; <\/p>\n","protected":false},"author":4,"featured_media":48351,"comment_status":"closed","ping_status":"open","sticky":false,"template":"","format":"standard","meta":{"footnotes":""},"categories":[3],"tags":[],"class_list":["post-48350","post","type-post","status-publish","format-standard","has-post-thumbnail","hentry","category-politica"],"_links":{"self":[{"href":"https:\/\/corrientesdetarde.com\/index.php\/wp-json\/wp\/v2\/posts\/48350","targetHints":{"allow":["GET"]}}],"collection":[{"href":"https:\/\/corrientesdetarde.com\/index.php\/wp-json\/wp\/v2\/posts"}],"about":[{"href":"https:\/\/corrientesdetarde.com\/index.php\/wp-json\/wp\/v2\/types\/post"}],"author":[{"embeddable":true,"href":"https:\/\/corrientesdetarde.com\/index.php\/wp-json\/wp\/v2\/users\/4"}],"replies":[{"embeddable":true,"href":"https:\/\/corrientesdetarde.com\/index.php\/wp-json\/wp\/v2\/comments?post=48350"}],"version-history":[{"count":1,"href":"https:\/\/corrientesdetarde.com\/index.php\/wp-json\/wp\/v2\/posts\/48350\/revisions"}],"predecessor-version":[{"id":48352,"href":"https:\/\/corrientesdetarde.com\/index.php\/wp-json\/wp\/v2\/posts\/48350\/revisions\/48352"}],"wp:featuredmedia":[{"embeddable":true,"href":"https:\/\/corrientesdetarde.com\/index.php\/wp-json\/wp\/v2\/media\/48351"}],"wp:attachment":[{"href":"https:\/\/corrientesdetarde.com\/index.php\/wp-json\/wp\/v2\/media?parent=48350"}],"wp:term":[{"taxonomy":"category","embeddable":true,"href":"https:\/\/corrientesdetarde.com\/index.php\/wp-json\/wp\/v2\/categories?post=48350"},{"taxonomy":"post_tag","embeddable":true,"href":"https:\/\/corrientesdetarde.com\/index.php\/wp-json\/wp\/v2\/tags?post=48350"}],"curies":[{"name":"wp","href":"https:\/\/api.w.org\/{rel}","templated":true}]}}