{"id":48361,"date":"2023-03-20T10:48:42","date_gmt":"2023-03-20T13:48:42","guid":{"rendered":"https:\/\/corrientesdetarde.com\/?p=48361"},"modified":"2023-03-20T10:48:43","modified_gmt":"2023-03-20T13:48:43","slug":"corte-de-un-puente-en-corrientes-cuales-son-las-rutas-alternativas","status":"publish","type":"post","link":"https:\/\/corrientesdetarde.com\/index.php\/locales\/corte-de-un-puente-en-corrientes-cuales-son-las-rutas-alternativas\/","title":{"rendered":"corte de un puente en CorrienteS:\u00a0\u00bfCuales son Las rutas alternativas?"},"content":{"rendered":"\n<p>A partir de este martes inician las tareas por parte de la Direcci\u00f3n Nacional de Vialidad.\u00a0<\/p>\n\n\n\n<p>La Direcci\u00f3n Nacional de Vialidad inform\u00f3 que este martes se prev\u00e9 el\u00a0\u00a0<strong>corte de la Ruta Nacional N\u00b0 12\u00a0\u00a0<\/strong>a la altura del r\u00edo Corrientes, debido\u00a0a la reparaci\u00f3n y mantenimiento del puente ubicado en Esquina.\u00a0<\/p>\n\n\n\n<p>Se interrumpir\u00e1 el tr\u00e1nsito para todo tipo de veh\u00edculo por un per\u00edodo de <strong>10 a 14 d\u00edas en dos etapas,\u00a0\u00a0<\/strong>se\u00f1al\u00f3 el organismo nacional.\u00a0<\/p>\n\n\n\n<p>Se trata del puente&nbsp;ubicado en el departamento de Esquina, comunicado al&nbsp;&nbsp;<strong>sur con la ciudad de Esquina y al norte con las ciudades de Goya y Paraje San Isidro.<\/strong><\/p>\n\n\n\n<p>Se instalar\u00e1 una pasarela peatonal en horario diurno para la circulaci\u00f3n de personas. Adem\u00e1s se colocar\u00e1 la se\u00f1alizaci\u00f3n correspondiente.&nbsp;<\/p>\n\n\n\n<p><strong>La entidad inform\u00f3 las rutas alternativas:&nbsp;<\/strong><\/p>\n\n\n\n<ul class=\"wp-block-list\"><li>Para los veh\u00edculos que ingresan a la Provincia de Corrientes por Ruta Nacional N\u00b012, desde el sur, por la ciudad de Esquina deben dirigirse por la R.P. N\u00b0 30, la R.P. N\u00b0 23 y la R.P. N\u00b0 24, retomando posteriormente la RN N\u00b0 12 hacia Goya \u00f3 la Ciudad Capital de la Provincia.&nbsp;<\/li><li>Para los veh\u00edculos que ingresan a la Provincia de Corrientes por Ruta Nacional N\u00b012, desde el norte por la ciudad capital provincial \u00f3 la ciudad de Goya deber\u00e1n tomar la R.P. N\u00b0 24, la R.P. N\u00b0 30, para retomar la RN N\u00b0 12 continuando hacia la ciudad de Esquina o la Provincia de Entre R\u00edos. &nbsp;<\/li><\/ul>\n","protected":false},"excerpt":{"rendered":"<p>A partir de este martes inician las tareas por parte de la Direcci\u00f3n Nacional de Vialidad.\u00a0 La Direcci\u00f3n Nacional de Vialidad inform\u00f3 que este martes se prev\u00e9 el\u00a0\u00a0corte de la&hellip; <\/p>\n","protected":false},"author":4,"featured_media":48362,"comment_status":"closed","ping_status":"open","sticky":false,"template":"","format":"standard","meta":{"footnotes":""},"categories":[8],"tags":[],"class_list":["post-48361","post","type-post","status-publish","format-standard","has-post-thumbnail","hentry","category-locales"],"_links":{"self":[{"href":"https:\/\/corrientesdetarde.com\/index.php\/wp-json\/wp\/v2\/posts\/48361","targetHints":{"allow":["GET"]}}],"collection":[{"href":"https:\/\/corrientesdetarde.com\/index.php\/wp-json\/wp\/v2\/posts"}],"about":[{"href":"https:\/\/corrientesdetarde.com\/index.php\/wp-json\/wp\/v2\/types\/post"}],"author":[{"embeddable":true,"href":"https:\/\/corrientesdetarde.com\/index.php\/wp-json\/wp\/v2\/users\/4"}],"replies":[{"embeddable":true,"href":"https:\/\/corrientesdetarde.com\/index.php\/wp-json\/wp\/v2\/comments?post=48361"}],"version-history":[{"count":1,"href":"https:\/\/corrientesdetarde.com\/index.php\/wp-json\/wp\/v2\/posts\/48361\/revisions"}],"predecessor-version":[{"id":48365,"href":"https:\/\/corrientesdetarde.com\/index.php\/wp-json\/wp\/v2\/posts\/48361\/revisions\/48365"}],"wp:featuredmedia":[{"embeddable":true,"href":"https:\/\/corrientesdetarde.com\/index.php\/wp-json\/wp\/v2\/media\/48362"}],"wp:attachment":[{"href":"https:\/\/corrientesdetarde.com\/index.php\/wp-json\/wp\/v2\/media?parent=48361"}],"wp:term":[{"taxonomy":"category","embeddable":true,"href":"https:\/\/corrientesdetarde.com\/index.php\/wp-json\/wp\/v2\/categories?post=48361"},{"taxonomy":"post_tag","embeddable":true,"href":"https:\/\/corrientesdetarde.com\/index.php\/wp-json\/wp\/v2\/tags?post=48361"}],"curies":[{"name":"wp","href":"https:\/\/api.w.org\/{rel}","templated":true}]}}