{"id":48433,"date":"2023-03-20T13:46:31","date_gmt":"2023-03-20T16:46:31","guid":{"rendered":"https:\/\/corrientesdetarde.com\/?p=48433"},"modified":"2023-03-20T13:56:22","modified_gmt":"2023-03-20T16:56:22","slug":"solicitud-de-colaboracion-para-la-localizacion-y-paraderode-la-menor-verdugo-dahiana-ayelen-de-15-anos-de-edad","status":"publish","type":"post","link":"https:\/\/corrientesdetarde.com\/index.php\/sociales\/solicitud-de-colaboracion-para-la-localizacion-y-paraderode-la-menor-verdugo-dahiana-ayelen-de-15-anos-de-edad\/","title":{"rendered":"SOLICITUD DE COLABORACION PARA LA LOCALIZACION Y PARADERO<br>DE LA MENOR VERDUGO, DAHIANA AYELEN, DE 15 A\u00d1OS DE EDAD"},"content":{"rendered":"\n<p>A ra\u00edz de una exposici\u00f3n, radicada ante autoridades de la Comisar\u00eda de la Mujer, el Menor de Curuz\u00fa<br>Cuati\u00e1, por medio de esta gacetilla se solicita la colaboraci\u00f3n para la localizaci\u00f3n y paradero de la menor<br>DAHIANA AYELEN VERDUGO, de 15 a\u00f1os de edad.<br>La misma, no habr\u00eda regresado a su hogar desde horas de la madrugada y hasta el momento de la<br>confecci\u00f3n de esta gacetilla, no se tiene novedades sobre su actual paradero.<\/p>\n\n\n\n<p>Sus caracter\u00edsticas f\u00edsicas son las siguientes: contextura delgada, 1,70 de altura aproximadamente, tez<br>morocha, cabello casta\u00f1o hasta la nuca (corte carre). Como se\u00f1a particular, posee dientes frontales con una<br>caries. Al momento de su ausencia, vest\u00eda pantal\u00f3n de joggins lila claro, remera celeste y zapatillas blancas.<br>Es por ello, que independientemente de la labor de b\u00fasqueda que \u00e9sta realizando la Polic\u00eda, es que se<br>solicita la colaboraci\u00f3n a los distintos medios period\u00edsticos; a la poblaci\u00f3n en general y muy particularmente a<br>aquellas personas que puedan aportar datos ciertos y que ayuden a lograr encontrar a esta menor, podr\u00e1n<br>hacerlo ante la citada Comisar\u00eda; a la Dependencia Policial m\u00e1s cercana a su domicilio y\/o comunicarse al<br>n\u00famero telef\u00f3nico gratuito de emergencia policial: 911 en la Capital y 101 en el Interior Provincial.<\/p>\n\n\n\n<figure class=\"wp-block-image size-large\"><img loading=\"lazy\" decoding=\"async\" width=\"331\" height=\"1024\" src=\"https:\/\/corrientesdetarde.com\/wp-content\/uploads\/2023\/03\/DAHIANA-AYELEN-VERDUGO-15-ANOS-2-331x1024.jpeg\" alt=\"\" class=\"wp-image-48434\" srcset=\"https:\/\/corrientesdetarde.com\/wp-content\/uploads\/2023\/03\/DAHIANA-AYELEN-VERDUGO-15-ANOS-2-331x1024.jpeg 331w, https:\/\/corrientesdetarde.com\/wp-content\/uploads\/2023\/03\/DAHIANA-AYELEN-VERDUGO-15-ANOS-2-97x300.jpeg 97w, https:\/\/corrientesdetarde.com\/wp-content\/uploads\/2023\/03\/DAHIANA-AYELEN-VERDUGO-15-ANOS-2.jpeg 486w\" sizes=\"auto, (max-width: 331px) 100vw, 331px\" \/><\/figure>\n","protected":false},"excerpt":{"rendered":"<p>A ra\u00edz de una exposici\u00f3n, radicada ante autoridades de la Comisar\u00eda de la Mujer, el Menor de Curuz\u00faCuati\u00e1, por medio de esta gacetilla se solicita la colaboraci\u00f3n para la localizaci\u00f3n&hellip; <\/p>\n","protected":false},"author":8,"featured_media":48442,"comment_status":"closed","ping_status":"open","sticky":false,"template":"","format":"standard","meta":{"footnotes":""},"categories":[17],"tags":[],"class_list":["post-48433","post","type-post","status-publish","format-standard","has-post-thumbnail","hentry","category-sociales"],"_links":{"self":[{"href":"https:\/\/corrientesdetarde.com\/index.php\/wp-json\/wp\/v2\/posts\/48433","targetHints":{"allow":["GET"]}}],"collection":[{"href":"https:\/\/corrientesdetarde.com\/index.php\/wp-json\/wp\/v2\/posts"}],"about":[{"href":"https:\/\/corrientesdetarde.com\/index.php\/wp-json\/wp\/v2\/types\/post"}],"author":[{"embeddable":true,"href":"https:\/\/corrientesdetarde.com\/index.php\/wp-json\/wp\/v2\/users\/8"}],"replies":[{"embeddable":true,"href":"https:\/\/corrientesdetarde.com\/index.php\/wp-json\/wp\/v2\/comments?post=48433"}],"version-history":[{"count":1,"href":"https:\/\/corrientesdetarde.com\/index.php\/wp-json\/wp\/v2\/posts\/48433\/revisions"}],"predecessor-version":[{"id":48436,"href":"https:\/\/corrientesdetarde.com\/index.php\/wp-json\/wp\/v2\/posts\/48433\/revisions\/48436"}],"wp:featuredmedia":[{"embeddable":true,"href":"https:\/\/corrientesdetarde.com\/index.php\/wp-json\/wp\/v2\/media\/48442"}],"wp:attachment":[{"href":"https:\/\/corrientesdetarde.com\/index.php\/wp-json\/wp\/v2\/media?parent=48433"}],"wp:term":[{"taxonomy":"category","embeddable":true,"href":"https:\/\/corrientesdetarde.com\/index.php\/wp-json\/wp\/v2\/categories?post=48433"},{"taxonomy":"post_tag","embeddable":true,"href":"https:\/\/corrientesdetarde.com\/index.php\/wp-json\/wp\/v2\/tags?post=48433"}],"curies":[{"name":"wp","href":"https:\/\/api.w.org\/{rel}","templated":true}]}}