{"id":48437,"date":"2023-03-20T13:49:38","date_gmt":"2023-03-20T16:49:38","guid":{"rendered":"https:\/\/corrientesdetarde.com\/?p=48437"},"modified":"2023-03-20T13:49:42","modified_gmt":"2023-03-20T16:49:42","slug":"la-policia-demoro-a-un-sujeto-por-desorden-en-la-via-publica","status":"publish","type":"post","link":"https:\/\/corrientesdetarde.com\/index.php\/crimen-y-justicia\/la-policia-demoro-a-un-sujeto-por-desorden-en-la-via-publica\/","title":{"rendered":"La Polic\u00eda demor\u00f3 a un sujeto por desorden en la v\u00eda p\u00fablica"},"content":{"rendered":"\n<p>En horas de la ma\u00f1ana de hoy 20-03-23, efectivos policiales de la patrulla jurisdiccional \u2013 Destacamento<br>San Marcos, en momentos en que realizaban recorridas de prevenci\u00f3n, encontr\u00e1ndose por calle Rafaela y 2 de<br>abril, procedieron a la demora de una persona que se encontraba promoviendo desorden en la v\u00eda p\u00fablica.<br>El procedimiento lo concretaron los citados polic\u00edas, alrededor de las 08:00horas, cuando procedieron a<br>la demora de un joven de 32 a\u00f1os de edad, el cual se hallaba en aparente estado de ebriedad y promoviendo<br>desorden e intranquilidad a los vecinos de la zona.<br>El demorado fue trasladado a la Comisar\u00eda S\u00e9ptima Urbana donde se prosiguen con los tr\u00e1mites del<br>caso.<\/p>\n","protected":false},"excerpt":{"rendered":"<p>En horas de la ma\u00f1ana de hoy 20-03-23, efectivos policiales de la patrulla jurisdiccional \u2013 DestacamentoSan Marcos, en momentos en que realizaban recorridas de prevenci\u00f3n, encontr\u00e1ndose por calle Rafaela y&hellip; <\/p>\n","protected":false},"author":8,"featured_media":48438,"comment_status":"closed","ping_status":"open","sticky":false,"template":"","format":"standard","meta":{"footnotes":""},"categories":[5],"tags":[],"class_list":["post-48437","post","type-post","status-publish","format-standard","has-post-thumbnail","hentry","category-crimen-y-justicia"],"_links":{"self":[{"href":"https:\/\/corrientesdetarde.com\/index.php\/wp-json\/wp\/v2\/posts\/48437","targetHints":{"allow":["GET"]}}],"collection":[{"href":"https:\/\/corrientesdetarde.com\/index.php\/wp-json\/wp\/v2\/posts"}],"about":[{"href":"https:\/\/corrientesdetarde.com\/index.php\/wp-json\/wp\/v2\/types\/post"}],"author":[{"embeddable":true,"href":"https:\/\/corrientesdetarde.com\/index.php\/wp-json\/wp\/v2\/users\/8"}],"replies":[{"embeddable":true,"href":"https:\/\/corrientesdetarde.com\/index.php\/wp-json\/wp\/v2\/comments?post=48437"}],"version-history":[{"count":1,"href":"https:\/\/corrientesdetarde.com\/index.php\/wp-json\/wp\/v2\/posts\/48437\/revisions"}],"predecessor-version":[{"id":48439,"href":"https:\/\/corrientesdetarde.com\/index.php\/wp-json\/wp\/v2\/posts\/48437\/revisions\/48439"}],"wp:featuredmedia":[{"embeddable":true,"href":"https:\/\/corrientesdetarde.com\/index.php\/wp-json\/wp\/v2\/media\/48438"}],"wp:attachment":[{"href":"https:\/\/corrientesdetarde.com\/index.php\/wp-json\/wp\/v2\/media?parent=48437"}],"wp:term":[{"taxonomy":"category","embeddable":true,"href":"https:\/\/corrientesdetarde.com\/index.php\/wp-json\/wp\/v2\/categories?post=48437"},{"taxonomy":"post_tag","embeddable":true,"href":"https:\/\/corrientesdetarde.com\/index.php\/wp-json\/wp\/v2\/tags?post=48437"}],"curies":[{"name":"wp","href":"https:\/\/api.w.org\/{rel}","templated":true}]}}