{"id":48449,"date":"2023-03-20T14:30:02","date_gmt":"2023-03-20T17:30:02","guid":{"rendered":"https:\/\/corrientesdetarde.com\/?p=48449"},"modified":"2023-03-20T14:30:05","modified_gmt":"2023-03-20T17:30:05","slug":"eliminatorias-eurocopa-2024-mateo-retegui-ya-esta-en-italia-para-sumarse-a-la-azzurra","status":"publish","type":"post","link":"https:\/\/corrientesdetarde.com\/index.php\/deportes\/eliminatorias-eurocopa-2024-mateo-retegui-ya-esta-en-italia-para-sumarse-a-la-azzurra\/","title":{"rendered":"Eliminatorias Eurocopa 2024: Mateo Retegui ya est\u00e1 en Italia para sumarse a la Azzurra"},"content":{"rendered":"\n<p>Mateo Retegui, el \u00faltimo goleador del f\u00fatbol argentino, podr\u00eda debutar el pr\u00f3ximo jueves con la camiseta Italiana ante Inglaterra.<\/p>\n\n\n\n<p>El director t\u00e9cnico de la Selecci\u00f3n de Italia&nbsp;<strong>Roberto Mancini<\/strong>&nbsp;convoc\u00f3 d\u00edas atr\u00e1s al joven jugador de Tigre,&nbsp;<strong>Mateo Retegui,<\/strong>&nbsp;para que se sume a la Azzurra de cara al inicio de las Eliminatorias para la Eurocopa 2024.<\/p>\n\n\n\n<p>Retegui lleg\u00f3 este lunes a la ciudad italiana de Pisa, donde se encuentra el bunker de la selecci\u00f3n que se entrenar\u00e1 con vistas al partido del pr\u00f3ximo jueves ante Inglaterra, en el estadio Diego Maradona de N\u00e1poles, encuentro que podr\u00eda marcar el debut oficial de Retegui con la camiseta italiana.<\/p>\n\n\n\n<p>El delantero de 23 a\u00f1os ven\u00eda siendo observado por los scouts del seleccionado italiano y, ante la falta de centrodelanteros, Mancini decidi\u00f3 convocarlo.\u00a0Retegui, que hasta ahora no hab\u00eda sido nunca citado a la Selecci\u00f3n Argentina, acept\u00f3 la propuesta de representar a otro pa\u00eds.\u00a0Y el jueves, frente a los ingleses y nada menos que en el estadio Diego Maradona, podr\u00eda sumar sus primeros minutos.<\/p>\n\n\n\n<figure class=\"wp-block-image size-full\"><img loading=\"lazy\" decoding=\"async\" width=\"659\" height=\"460\" src=\"https:\/\/corrientesdetarde.com\/wp-content\/uploads\/2023\/03\/image-670.png\" alt=\"\" class=\"wp-image-48450\" srcset=\"https:\/\/corrientesdetarde.com\/wp-content\/uploads\/2023\/03\/image-670.png 659w, https:\/\/corrientesdetarde.com\/wp-content\/uploads\/2023\/03\/image-670-300x209.png 300w\" sizes=\"auto, (max-width: 659px) 100vw, 659px\" \/><\/figure>\n\n\n\n<p>Acompa\u00f1ado por su pap\u00e1, el&nbsp;<strong>Chapa Retegui<\/strong>, Mateo se uni\u00f3 al plantel por su condici\u00f3n de nacionalizado italiano. La relaci\u00f3n es a trav\u00e9s de su abuelo Angelo, nacido en Sicilia y radicado luego en Argentina.<\/p>\n\n\n\n<p>El joven delantero Fue el goleador del \u00faltimo torneo argentino y eso llev\u00f3 a los italianos a seguir m\u00e1s de cerca de su carrera.<\/p>\n\n\n\n<p>En esta citaci\u00f3n, s\u00f3lo Berardi aparece como competidor para el puesto de 9, en una Italia en un proceso de renovaci\u00f3n tras no haberse clasificado al Mundial de Qatar.<\/p>\n\n\n\n<p>Italia, defensor del t\u00edtulo, jugar\u00e1 el 23 de marzo ante Inglaterra, en N\u00e1poles, y el 26 enfrentar\u00e1 a Malta por el grupo C de las Eliminatorias de la Eurocopa 2024.<\/p>\n\n\n\n<figure class=\"wp-block-image size-full\"><img loading=\"lazy\" decoding=\"async\" width=\"610\" height=\"407\" src=\"https:\/\/corrientesdetarde.com\/wp-content\/uploads\/2023\/03\/image-671.png\" alt=\"\" class=\"wp-image-48451\" srcset=\"https:\/\/corrientesdetarde.com\/wp-content\/uploads\/2023\/03\/image-671.png 610w, https:\/\/corrientesdetarde.com\/wp-content\/uploads\/2023\/03\/image-671-300x200.png 300w, https:\/\/corrientesdetarde.com\/wp-content\/uploads\/2023\/03\/image-671-272x182.png 272w\" sizes=\"auto, (max-width: 610px) 100vw, 610px\" \/><\/figure>\n\n\n\n<p>Los convocados por Mancini:<\/p>\n\n\n\n<p><strong>Arqueros<\/strong>: Gianluigi Donnarumma (PSG de Francia), Wladimiro Falcone (Lecce), Alex Meret (Napoli) y Ivan Provedel (Lazio).<\/p>\n\n\n\n<p>Defensores: Giovanni Di Lorenzo (Napoli), Francesco Acerbi (Inter), Leonardo Bonucci (Juventus), Alessandro Buongiorno (Torino), Matteo Darmian (Inter), Federico Dimarco (Inter), Alessio Romagnoli (Lazio), Giorgio Scalvini (Atalanta), Leonardo Spinazzola (Roma) y Rafael Toloi (Atalanta).<\/p>\n\n\n\n<p><strong>Volantes<\/strong>: Nicol\u00f2 Barella (Inter), Bryan Cristante (Roma), Davide Frattesi (Sassuolo), Jorginho (Arsenal de Inglaterra), Lorenzo Pellegrini (Roma), Matteo Pessina (Monza), Sandro Tonali (Milan) y Marco Verratti (PSG de Francia).<\/p>\n\n\n\n<p><strong>Delanteros<\/strong>: Wilfried Gnonto (Leeds de Inglaterra), Domenico Berardi (Sassuolo), Federico Chiesa (Juventus), Vincenzo Grifo Rome (Friburgo de Alemania), Simone Pafundi (Udinese), Matteo Politano (Napoli), Mateo Retegui (Tigre) y Gianluca Scamacca (West Ham de Inglaterra).<\/p>\n","protected":false},"excerpt":{"rendered":"<p>Mateo Retegui, el \u00faltimo goleador del f\u00fatbol argentino, podr\u00eda debutar el pr\u00f3ximo jueves con la camiseta Italiana ante Inglaterra. El director t\u00e9cnico de la Selecci\u00f3n de Italia&nbsp;Roberto Mancini&nbsp;convoc\u00f3 d\u00edas atr\u00e1s&hellip; <\/p>\n","protected":false},"author":8,"featured_media":48452,"comment_status":"closed","ping_status":"open","sticky":false,"template":"","format":"standard","meta":{"footnotes":""},"categories":[4],"tags":[],"class_list":["post-48449","post","type-post","status-publish","format-standard","has-post-thumbnail","hentry","category-deportes"],"_links":{"self":[{"href":"https:\/\/corrientesdetarde.com\/index.php\/wp-json\/wp\/v2\/posts\/48449","targetHints":{"allow":["GET"]}}],"collection":[{"href":"https:\/\/corrientesdetarde.com\/index.php\/wp-json\/wp\/v2\/posts"}],"about":[{"href":"https:\/\/corrientesdetarde.com\/index.php\/wp-json\/wp\/v2\/types\/post"}],"author":[{"embeddable":true,"href":"https:\/\/corrientesdetarde.com\/index.php\/wp-json\/wp\/v2\/users\/8"}],"replies":[{"embeddable":true,"href":"https:\/\/corrientesdetarde.com\/index.php\/wp-json\/wp\/v2\/comments?post=48449"}],"version-history":[{"count":1,"href":"https:\/\/corrientesdetarde.com\/index.php\/wp-json\/wp\/v2\/posts\/48449\/revisions"}],"predecessor-version":[{"id":48453,"href":"https:\/\/corrientesdetarde.com\/index.php\/wp-json\/wp\/v2\/posts\/48449\/revisions\/48453"}],"wp:featuredmedia":[{"embeddable":true,"href":"https:\/\/corrientesdetarde.com\/index.php\/wp-json\/wp\/v2\/media\/48452"}],"wp:attachment":[{"href":"https:\/\/corrientesdetarde.com\/index.php\/wp-json\/wp\/v2\/media?parent=48449"}],"wp:term":[{"taxonomy":"category","embeddable":true,"href":"https:\/\/corrientesdetarde.com\/index.php\/wp-json\/wp\/v2\/categories?post=48449"},{"taxonomy":"post_tag","embeddable":true,"href":"https:\/\/corrientesdetarde.com\/index.php\/wp-json\/wp\/v2\/tags?post=48449"}],"curies":[{"name":"wp","href":"https:\/\/api.w.org\/{rel}","templated":true}]}}