{"id":48454,"date":"2023-03-20T14:32:48","date_gmt":"2023-03-20T17:32:48","guid":{"rendered":"https:\/\/corrientesdetarde.com\/?p=48454"},"modified":"2023-03-20T14:32:52","modified_gmt":"2023-03-20T17:32:52","slug":"alfa-de-gran-hermano-disparo-contra-l-gante-en-medio-de-los-rumores-de-romance-con-daniela","status":"publish","type":"post","link":"https:\/\/corrientesdetarde.com\/index.php\/espectaculos\/alfa-de-gran-hermano-disparo-contra-l-gante-en-medio-de-los-rumores-de-romance-con-daniela\/","title":{"rendered":"Alfa de Gran Hermano dispar\u00f3 contra L-Gante en medio de los rumores de romance con Daniela"},"content":{"rendered":"\n<p>El ex participante del reality dispar\u00f3 contra el int\u00e9rprete, quien fue relacionado con la ex participante de Gran Hermano.<\/p>\n\n\n\n<p><strong>Alfa<\/strong>&nbsp;de Gran Hermano critic\u00f3 sin filtro a<strong>&nbsp;L-Gante<\/strong>&nbsp;por su m\u00fasica en medio de las versiones de acercamiento entre el cantante y&nbsp;<strong>Daniela<\/strong>&nbsp;<strong>Celis<\/strong>, compa\u00f1era de&nbsp;<strong>Walter<\/strong>&nbsp;en la casa m\u00e1s famosa.<\/p>\n\n\n\n<p>\u201c\u00bfQu\u00e9 opinas del acercamiento entre L-Gante y Dani de GH?\u201d, le pregunt\u00f3 Juan Etchegoyen al emblem\u00e1tico personaje del reality, quien respondi\u00f3 contundente. \u201cNo tengo idea de esto pero le tiene <\/p>\n\n\n\n<p>que gusta a ella no a m\u00ed\u201d, comenz\u00f3 diciendo.<\/p>\n\n\n\n<p>Y luego agreg\u00f3: \u201cNo lo escucho a L-Gante y no te voy a ser hip\u00f3crita, la m\u00fasica que escucho es rock nacional de los a\u00f1os 70, escucho Lito Nebbia, Genesis, Pink Floyd, a mi me gusta mucho la m\u00fasica y a m\u00ed la m\u00fasica que hace L-Gante no me gusta\u201d.<\/p>\n\n\n\n<p>&#8220;Entonces tampoco tengo que quedar bien con \u00e9l diciendo algo que no pasa,&nbsp;no escucho su m\u00fasica y no me gusta, a mi no me llega&nbsp;lo que hace pero quiz\u00e1s a alguna persona si\u201d, sentenci\u00f3<strong>&nbsp;Alfa.<\/strong><\/p>\n","protected":false},"excerpt":{"rendered":"<p>El ex participante del reality dispar\u00f3 contra el int\u00e9rprete, quien fue relacionado con la ex participante de Gran Hermano. Alfa&nbsp;de Gran Hermano critic\u00f3 sin filtro a&nbsp;L-Gante&nbsp;por su m\u00fasica en medio&hellip; <\/p>\n","protected":false},"author":8,"featured_media":48455,"comment_status":"closed","ping_status":"open","sticky":false,"template":"","format":"standard","meta":{"footnotes":""},"categories":[19],"tags":[],"class_list":["post-48454","post","type-post","status-publish","format-standard","has-post-thumbnail","hentry","category-espectaculos"],"_links":{"self":[{"href":"https:\/\/corrientesdetarde.com\/index.php\/wp-json\/wp\/v2\/posts\/48454","targetHints":{"allow":["GET"]}}],"collection":[{"href":"https:\/\/corrientesdetarde.com\/index.php\/wp-json\/wp\/v2\/posts"}],"about":[{"href":"https:\/\/corrientesdetarde.com\/index.php\/wp-json\/wp\/v2\/types\/post"}],"author":[{"embeddable":true,"href":"https:\/\/corrientesdetarde.com\/index.php\/wp-json\/wp\/v2\/users\/8"}],"replies":[{"embeddable":true,"href":"https:\/\/corrientesdetarde.com\/index.php\/wp-json\/wp\/v2\/comments?post=48454"}],"version-history":[{"count":1,"href":"https:\/\/corrientesdetarde.com\/index.php\/wp-json\/wp\/v2\/posts\/48454\/revisions"}],"predecessor-version":[{"id":48456,"href":"https:\/\/corrientesdetarde.com\/index.php\/wp-json\/wp\/v2\/posts\/48454\/revisions\/48456"}],"wp:featuredmedia":[{"embeddable":true,"href":"https:\/\/corrientesdetarde.com\/index.php\/wp-json\/wp\/v2\/media\/48455"}],"wp:attachment":[{"href":"https:\/\/corrientesdetarde.com\/index.php\/wp-json\/wp\/v2\/media?parent=48454"}],"wp:term":[{"taxonomy":"category","embeddable":true,"href":"https:\/\/corrientesdetarde.com\/index.php\/wp-json\/wp\/v2\/categories?post=48454"},{"taxonomy":"post_tag","embeddable":true,"href":"https:\/\/corrientesdetarde.com\/index.php\/wp-json\/wp\/v2\/tags?post=48454"}],"curies":[{"name":"wp","href":"https:\/\/api.w.org\/{rel}","templated":true}]}}