{"id":48461,"date":"2023-03-20T14:38:26","date_gmt":"2023-03-20T17:38:26","guid":{"rendered":"https:\/\/corrientesdetarde.com\/?p=48461"},"modified":"2023-03-20T14:38:30","modified_gmt":"2023-03-20T17:38:30","slug":"rusia-abre-una-causa-contra-el-fiscal-de-la-corte-penal-internacional-tras-la-orden-de-arresto-a-putin","status":"publish","type":"post","link":"https:\/\/corrientesdetarde.com\/index.php\/internacionales\/rusia-abre-una-causa-contra-el-fiscal-de-la-corte-penal-internacional-tras-la-orden-de-arresto-a-putin\/","title":{"rendered":"Rusia abre una causa contra el fiscal de la Corte Penal Internacional tras la orden de arresto a Putin&nbsp;"},"content":{"rendered":"\n<p>El fiscal Karim Khan fue acusado de iniciar un procedimiento penal &#8220;ilegal&#8221; contra &#8220;una persona inocente&#8221; y de &#8220;preparar un ataque&#8221; contra el presidente ruso.<\/p>\n\n\n\n<p><strong>Rusia&nbsp;<\/strong>anunci\u00f3 hoy que abri\u00f3 una causa penal contra el fiscal de la Corte Penal Internacional&nbsp;<strong>Karim Khan&nbsp;<\/strong>despu\u00e9s de que el tribunal&nbsp;<strong>emitiera una orden de detenci\u00f3n<\/strong>&nbsp;contra el presidente ruso,&nbsp;<strong>Vladimir Putin.&nbsp;<\/strong>La corte con sede en La Haya pidi\u00f3 el apoyo y la &#8220;perseverancia&#8221; de la comunidad internacional para investigar posibles cr\u00edmenes de guerra en Ucrania.<\/p>\n\n\n\n<p>&#8220;El Comit\u00e9 de Investigaci\u00f3n de Rusia abri\u00f3 una causa penal contra el fiscal de la Corte Penal Internacional Karim Ahmad Khan&#8221; y contra varios otros magistrados, inform\u00f3 el organismo ruso en un comunicado, donde indicaron que la orden de arresto a Putin es &#8220;ilegal&#8221;.<\/p>\n\n\n\n<p>El comit\u00e9 ruso argumenta que Khan&nbsp;&#8220;inici\u00f3 un procedimiento penal contra una persona notoriamente inocente, combinado con&nbsp;la acusaci\u00f3n ilegal de haber cometido un delito grave&nbsp;o especialmente grave&#8221;, reprodujo la agencia de noticias AFP.<\/p>\n\n\n\n<p>El fiscal tambi\u00e9n es acusado de &#8220;preparar un ataque contra un representante de un Estado extranjero&#8221;, precisa el documento.<\/p>\n\n\n\n<p>Seg\u00fan el Comit\u00e9 de Investigaci\u00f3n ruso<strong>, &#8220;el procedimiento penal es claramente ilegal ya que no hay motivos de responsabilidad penal&#8221;.<\/strong><\/p>\n\n\n\n<p>Rusia consider\u00f3 que la decisi\u00f3n era jur\u00eddicamente &#8220;nula&#8221;, ya que el pa\u00eds no es miembro de la Corte y no reconoce la competencia del tribunal, insisti\u00f3 el portavoz del Kremlin, Dmitri Peskov.<\/p>\n\n\n\n<p>La Corte Penal Internacional, con sede en Pa\u00edses Bajos, puso en marcha una investigaci\u00f3n sobre<strong>&nbsp;posibles cr\u00edmenes de guerra y contra la Humanidad<\/strong>&nbsp;cometidos<strong>&nbsp;desde el 24 de febrero de 2022&nbsp;<\/strong>cuando Rusia comenz\u00f3 a invadir Ucrania.<\/p>\n\n\n\n<p>El viernes se emiti\u00f3 una&nbsp;<strong>orden de detenci\u00f3n<\/strong>&nbsp;contra<strong>&nbsp;Vladimir Putin&nbsp;<\/strong>y la comisaria rusa para los derechos del ni\u00f1o,&nbsp;<strong>Maria Lvova-Belova,<\/strong>&nbsp;por el crimen de guerra de&nbsp;<strong>&#8220;deportaci\u00f3n ilegal&#8221; de ni\u00f1os.<\/strong>&nbsp;ucranianos.<\/p>\n\n\n\n<figure class=\"wp-block-image size-full\"><img loading=\"lazy\" decoding=\"async\" width=\"610\" height=\"343\" src=\"https:\/\/corrientesdetarde.com\/wp-content\/uploads\/2023\/03\/image-673.png\" alt=\"\" class=\"wp-image-48462\" srcset=\"https:\/\/corrientesdetarde.com\/wp-content\/uploads\/2023\/03\/image-673.png 610w, https:\/\/corrientesdetarde.com\/wp-content\/uploads\/2023\/03\/image-673-300x169.png 300w\" sizes=\"auto, (max-width: 610px) 100vw, 610px\" \/><\/figure>\n\n\n\n<h2 class=\"wp-block-heading\">El pedido de la Corte Penal Internacional<\/h2>\n\n\n\n<p>Hoy la&nbsp;<strong>Corte Penal Internacional<\/strong>&nbsp;hizo<strong>&nbsp;un llamado a la comunidad internacional para apoyar su investigaci\u00f3n&nbsp;<\/strong>acerca de las responsabilidades del presidente ruso por supuestos cr\u00edmenes de guerra en Ucrania.<\/p>\n\n\n\n<p><strong>&#8220;Necesitamos colectivamente perseverancia para lograr justicia<\/strong>&#8220;, defendi\u00f3 el fiscal Khan, al inaugurar en Londres una conferencia internacional, de un d\u00eda de duraci\u00f3n, organizada conjuntamente por el Reino Unido y Holanda, con la participaci\u00f3n de ministros de Justicia y representantes de m\u00e1s de 40 Estados.<\/p>\n\n\n\n<p><strong>&#8220;Ucrania es un escenario de cr\u00edmenes y parece que all\u00ed se han cometido toda una serie de delitos. Estamos recibiendo informaci\u00f3n. Estamos llevando a cabo investigaciones independientes, creo que de forma estructurada y eficaz&#8221;<\/strong>, declar\u00f3 Khan a la BBC antes del inicio de la conferencia.<\/p>\n\n\n\n<figure class=\"wp-block-image size-full\"><img loading=\"lazy\" decoding=\"async\" width=\"610\" height=\"457\" src=\"https:\/\/corrientesdetarde.com\/wp-content\/uploads\/2023\/03\/image-674.png\" alt=\"\" class=\"wp-image-48463\" srcset=\"https:\/\/corrientesdetarde.com\/wp-content\/uploads\/2023\/03\/image-674.png 610w, https:\/\/corrientesdetarde.com\/wp-content\/uploads\/2023\/03\/image-674-300x225.png 300w\" sizes=\"auto, (max-width: 610px) 100vw, 610px\" \/><\/figure>\n\n\n\n<p>Pero &#8220;no podemos hacerlo todo a la vez&#8221; porque &#8220;no disponemos de recursos ilimitados&#8221;, a\u00f1adi\u00f3.<\/p>\n\n\n\n<p>&#8220;Tenemos normas que seguir en materia de enjuiciamiento penal&#8221;, subray\u00f3.<\/p>\n\n\n\n<p>&#8220;<strong>Si se re\u00fanen y recogen pruebas fiables y no hay pruebas exculpatorias que aten\u00faen o reduzcan la responsabilidad penal, no dudaremos en actuar&#8221;<\/strong>, asegur\u00f3.<\/p>\n\n\n\n<p>Por su parte, el ministro de Justicia brit\u00e1nico,&nbsp;<strong>Dominic Raab<\/strong>, se congratul\u00f3 de que&nbsp;<strong>&#8220;hoy 42 naciones (&#8230;) est\u00e9n unidas por una misma causa, que es pedir cuentas a Rusia&#8221;&nbsp;<\/strong>por sus acciones en Ucrania.<\/p>\n\n\n\n<p><strong>&#8220;S\u00f3lo quiero pedirles que apoyen a la Corte Penal Internacional&nbsp;<\/strong><strong>con todos los recursos necesarios&#8221;,<\/strong>&nbsp;rog\u00f3 a sus hom\u00f3logos el ministro de Justicia ucraniano,&nbsp;<strong>Denis Maliuska.<\/strong><\/p>\n\n\n\n<p>El presidente ucraniano,<strong>&nbsp;Volodimir Zelenski,<\/strong>&nbsp;calific\u00f3 la decisi\u00f3n de &#8220;hist\u00f3rica&#8221; y el de Estados Unidos,&nbsp;<strong>Joe Biden<\/strong>, de &#8220;justificada&#8221;.<\/p>\n\n\n\n<p>Para llevar a cabo sus investigaciones,&nbsp;la Corte Penal Internacional necesita recursos financieros y t\u00e9cnicos,&nbsp;y en diciembre Khan hizo un llamado a la comunidad internacional para que aumentara su ayuda a la instituci\u00f3n.<\/p>\n\n\n\n<p><strong>Londres prometi\u00f3 casi 400.000 libras (488.000 d\u00f3lares) de financiaci\u00f3n adicional,<\/strong>&nbsp;con lo que su apoyo total asciende a un mill\u00f3n de libras (1,22 millones de d\u00f3lares) desde el a\u00f1o pasado, para financiar el apoyo psicol\u00f3gico a testigos y v\u00edctimas de cr\u00edmenes y reforzar la presencia de expertos brit\u00e1nicos en la CPI.<\/p>\n\n\n\n<p><strong>La Uni\u00f3n Europea &#8220;ya ha aportado m\u00e1s de 10 millones de euros&#8221; a la CPI desde el inicio de la invasi\u00f3n rusa<\/strong>&nbsp;y &#8220;puedo asegurarles que la Uni\u00f3n Europea est\u00e1 dispuesta a continuar&#8221; su apoyo a la corte, declar\u00f3 el comisario de Justicia de la Uni\u00f3n Europea, Didier Reynders.<\/p>\n\n\n\n<p>Tambi\u00e9n record\u00f3 la voluntad de la Uni\u00f3n Europea de enmendar el Tratado de Roma, por el que se cre\u00f3 la CPI, para permitir que la corte juzgue los &#8220;cr\u00edmenes de agresi\u00f3n&#8221; cometidos por Rusia.<\/p>\n\n\n\n<p>La&nbsp;<strong>Corte Penal Internacional<\/strong>&nbsp;s\u00f3lo tiene jurisdicci\u00f3n sobre los<strong>&nbsp;cr\u00edmenes de guerra y contra la Humanidad&nbsp;<\/strong>cometidos en&nbsp;<strong>Ucrania&nbsp;<\/strong>y no sobre los &#8220;cr\u00edmenes de agresi\u00f3n&#8221; de Rusia, ya que Mosc\u00fa y Kiev no son signatarios de dicho tratado.<\/p>\n","protected":false},"excerpt":{"rendered":"<p>El fiscal Karim Khan fue acusado de iniciar un procedimiento penal &#8220;ilegal&#8221; contra &#8220;una persona inocente&#8221; y de &#8220;preparar un ataque&#8221; contra el presidente ruso. Rusia&nbsp;anunci\u00f3 hoy que abri\u00f3 una&hellip; <\/p>\n","protected":false},"author":8,"featured_media":48464,"comment_status":"closed","ping_status":"open","sticky":false,"template":"","format":"standard","meta":{"footnotes":""},"categories":[11],"tags":[],"class_list":["post-48461","post","type-post","status-publish","format-standard","has-post-thumbnail","hentry","category-internacionales"],"_links":{"self":[{"href":"https:\/\/corrientesdetarde.com\/index.php\/wp-json\/wp\/v2\/posts\/48461","targetHints":{"allow":["GET"]}}],"collection":[{"href":"https:\/\/corrientesdetarde.com\/index.php\/wp-json\/wp\/v2\/posts"}],"about":[{"href":"https:\/\/corrientesdetarde.com\/index.php\/wp-json\/wp\/v2\/types\/post"}],"author":[{"embeddable":true,"href":"https:\/\/corrientesdetarde.com\/index.php\/wp-json\/wp\/v2\/users\/8"}],"replies":[{"embeddable":true,"href":"https:\/\/corrientesdetarde.com\/index.php\/wp-json\/wp\/v2\/comments?post=48461"}],"version-history":[{"count":1,"href":"https:\/\/corrientesdetarde.com\/index.php\/wp-json\/wp\/v2\/posts\/48461\/revisions"}],"predecessor-version":[{"id":48465,"href":"https:\/\/corrientesdetarde.com\/index.php\/wp-json\/wp\/v2\/posts\/48461\/revisions\/48465"}],"wp:featuredmedia":[{"embeddable":true,"href":"https:\/\/corrientesdetarde.com\/index.php\/wp-json\/wp\/v2\/media\/48464"}],"wp:attachment":[{"href":"https:\/\/corrientesdetarde.com\/index.php\/wp-json\/wp\/v2\/media?parent=48461"}],"wp:term":[{"taxonomy":"category","embeddable":true,"href":"https:\/\/corrientesdetarde.com\/index.php\/wp-json\/wp\/v2\/categories?post=48461"},{"taxonomy":"post_tag","embeddable":true,"href":"https:\/\/corrientesdetarde.com\/index.php\/wp-json\/wp\/v2\/tags?post=48461"}],"curies":[{"name":"wp","href":"https:\/\/api.w.org\/{rel}","templated":true}]}}