{"id":48576,"date":"2023-03-21T08:56:31","date_gmt":"2023-03-21T11:56:31","guid":{"rendered":"https:\/\/corrientesdetarde.com\/?p=48576"},"modified":"2023-03-21T08:56:50","modified_gmt":"2023-03-21T11:56:50","slug":"ya-se-encuentra-inhabilitado-el-transito-por-ruta-12-por-la-reparacion-de-un-puente","status":"publish","type":"post","link":"https:\/\/corrientesdetarde.com\/index.php\/locales\/ya-se-encuentra-inhabilitado-el-transito-por-ruta-12-por-la-reparacion-de-un-puente\/","title":{"rendered":"Ya se encuentra inhabilitado el tr\u00e1nsito por Ruta 12 por la reparaci\u00f3n de un puente"},"content":{"rendered":"\n<p>Desde las 7 de la ma\u00f1ana est\u00e1 inhabilitado el tr\u00e1nsito por el puente sobre el r\u00edo Corriente,\u00a0<strong>en la Ruta Nacional N\u00b0 12 Km. 714,59,\u00a0<\/strong>ubicado en el departamento de Esquina, comunicado al Sur con la Ciudad de Esquina y al Norte con las ciudades de Goya y Paraje San Isidro.<\/p>\n\n\n\n<p>La misma, prev\u00e9 la interrupci\u00f3n del tr\u00e1nsito para todo tipo de veh\u00edculo por per\u00edodo de 10 a 14 d\u00edas en dos etapas, informando con suficiente antelaci\u00f3n, a los efectos tomar los recaudos necesarios. Se instalar\u00e1 una pasarela peatonal en dicho tiempo \u2013 en horario diurno, para la circulaci\u00f3n de personas, adem\u00e1s del mecanismo de se\u00f1alizaci\u00f3n correspondientes.<\/p>\n\n\n\n<p>Para la presente instancia de la obra, se cortar\u00e1 el tr\u00e1nsito a partir del d\u00eda 21 de marzo para todo tipo de veh\u00edculo por el lapso de 10 a 14 dias estimativamente.<\/p>\n\n\n\n<p>En esa l\u00ednea, se ruega sepan disculpar las molestias ocasionadas a la poblaci\u00f3n en general, dado la necesidad para la presente tarea lo aqu\u00ed expuesto, que no es m\u00e1s que lo adecuado como mantenimiento de las estructuras que conforman la red vial nacional. &nbsp;<\/p>\n\n\n\n<p>Durante esta situaci\u00f3n, las rutas alternativas alcanzan:<\/p>\n\n\n\n<p>Para los veh\u00edculos que ingresan a la Provincia de Corrientes por Ruta Nacional N\u00b012, desde el sur, por la ciudad de Esquina deben dirigirse por la R.P. N\u00b0 30, la R.P. N\u00b0 23 y la R.P. N\u00b0 24, retomando posteriormente la RN N\u00b0 12 hacia Goya \u00f3 la Ciudad Capital de la Provincia. &nbsp;<\/p>\n\n\n\n<p>Para los veh\u00edculos que ingresan a la Provincia de Corrientes por Ruta Nacional N\u00b012, desde el norte por la ciudad capital provincial \u00f3 la ciudad de Goya deber\u00e1n tomar la R.P. N\u00b0 24, la R.P. N\u00b0 30, para retomar la RN N\u00b0 12 continuando hacia la ciudad de Esquina o la Provincia de Entre R\u00edos. &nbsp;&nbsp;<\/p>\n\n\n\n<p>Las tareas est\u00e1n a cargo de la Empresa FREYSSINET-TIERRA ARMADA S.A. que se instal\u00f3 en la zona a partir de la segunda quincena de febrero.<\/p>\n","protected":false},"excerpt":{"rendered":"<p>Desde las 7 de la ma\u00f1ana est\u00e1 inhabilitado el tr\u00e1nsito por el puente sobre el r\u00edo Corriente,\u00a0en la Ruta Nacional N\u00b0 12 Km. 714,59,\u00a0ubicado en el departamento de Esquina, comunicado&hellip; <\/p>\n","protected":false},"author":4,"featured_media":48579,"comment_status":"closed","ping_status":"open","sticky":false,"template":"","format":"standard","meta":{"footnotes":""},"categories":[8],"tags":[],"class_list":["post-48576","post","type-post","status-publish","format-standard","has-post-thumbnail","hentry","category-locales"],"_links":{"self":[{"href":"https:\/\/corrientesdetarde.com\/index.php\/wp-json\/wp\/v2\/posts\/48576","targetHints":{"allow":["GET"]}}],"collection":[{"href":"https:\/\/corrientesdetarde.com\/index.php\/wp-json\/wp\/v2\/posts"}],"about":[{"href":"https:\/\/corrientesdetarde.com\/index.php\/wp-json\/wp\/v2\/types\/post"}],"author":[{"embeddable":true,"href":"https:\/\/corrientesdetarde.com\/index.php\/wp-json\/wp\/v2\/users\/4"}],"replies":[{"embeddable":true,"href":"https:\/\/corrientesdetarde.com\/index.php\/wp-json\/wp\/v2\/comments?post=48576"}],"version-history":[{"count":2,"href":"https:\/\/corrientesdetarde.com\/index.php\/wp-json\/wp\/v2\/posts\/48576\/revisions"}],"predecessor-version":[{"id":48581,"href":"https:\/\/corrientesdetarde.com\/index.php\/wp-json\/wp\/v2\/posts\/48576\/revisions\/48581"}],"wp:featuredmedia":[{"embeddable":true,"href":"https:\/\/corrientesdetarde.com\/index.php\/wp-json\/wp\/v2\/media\/48579"}],"wp:attachment":[{"href":"https:\/\/corrientesdetarde.com\/index.php\/wp-json\/wp\/v2\/media?parent=48576"}],"wp:term":[{"taxonomy":"category","embeddable":true,"href":"https:\/\/corrientesdetarde.com\/index.php\/wp-json\/wp\/v2\/categories?post=48576"},{"taxonomy":"post_tag","embeddable":true,"href":"https:\/\/corrientesdetarde.com\/index.php\/wp-json\/wp\/v2\/tags?post=48576"}],"curies":[{"name":"wp","href":"https:\/\/api.w.org\/{rel}","templated":true}]}}