{"id":48622,"date":"2023-03-21T11:07:35","date_gmt":"2023-03-21T14:07:35","guid":{"rendered":"https:\/\/corrientesdetarde.com\/?p=48622"},"modified":"2023-03-21T11:07:38","modified_gmt":"2023-03-21T14:07:38","slug":"vive-escondida-en-la-casa-de-una-amiga-por-miedo-a-su-ex","status":"publish","type":"post","link":"https:\/\/corrientesdetarde.com\/index.php\/policiales\/vive-escondida-en-la-casa-de-una-amiga-por-miedo-a-su-ex\/","title":{"rendered":"Vive escondida en\u00a0 la casa de una amiga por miedo a su ex"},"content":{"rendered":"\n<p>Elena (24 a\u00f1os) vive un calvario. &#8220;Estoy separado de mi ex hace dos meses y desde ese momento vivo un calvario&#8221;, expres\u00f3 la mujer, oriunda de Ca\u00e1 Cat\u00ed. Denunci\u00f3 a su expareja que es funcionario policial y actualmente tiene otra pareja. &#8220;Con su actual pareja me esposaron y me agredieron constantemente. Tengo miedo&#8230; no puedo salir a ning\u00fan lado&#8221;, expres\u00f3.<\/p>\n\n\n\n<p>&#8220;Me agarraron cuando baje del colectivo, me llevaron para un al lado donde hay gente. Me sacaron todas mis cosas y me dejaron en calle sin nada&#8221; revel\u00f3 Elena sobre el tataque que sufri\u00f3 la semana pasada cuando bajaba del colectivo y se dirig\u00eda a la casa de su hermana. &nbsp;<\/p>\n\n\n\n<p>Los agresores ser\u00edan &nbsp;una ex pareja suya que adem\u00e1s es efectivo de la Polic\u00eda de Corrientes y su actual pareja. &#8220;Tengo miedo porque estas personas me amenazaron a muerte&#8221; cont\u00f3.<\/p>\n","protected":false},"excerpt":{"rendered":"<p>Elena (24 a\u00f1os) vive un calvario. &#8220;Estoy separado de mi ex hace dos meses y desde ese momento vivo un calvario&#8221;, expres\u00f3 la mujer, oriunda de Ca\u00e1 Cat\u00ed. Denunci\u00f3 a&hellip; <\/p>\n","protected":false},"author":4,"featured_media":48626,"comment_status":"closed","ping_status":"open","sticky":false,"template":"","format":"standard","meta":{"footnotes":""},"categories":[33],"tags":[],"class_list":["post-48622","post","type-post","status-publish","format-standard","has-post-thumbnail","hentry","category-policiales"],"_links":{"self":[{"href":"https:\/\/corrientesdetarde.com\/index.php\/wp-json\/wp\/v2\/posts\/48622","targetHints":{"allow":["GET"]}}],"collection":[{"href":"https:\/\/corrientesdetarde.com\/index.php\/wp-json\/wp\/v2\/posts"}],"about":[{"href":"https:\/\/corrientesdetarde.com\/index.php\/wp-json\/wp\/v2\/types\/post"}],"author":[{"embeddable":true,"href":"https:\/\/corrientesdetarde.com\/index.php\/wp-json\/wp\/v2\/users\/4"}],"replies":[{"embeddable":true,"href":"https:\/\/corrientesdetarde.com\/index.php\/wp-json\/wp\/v2\/comments?post=48622"}],"version-history":[{"count":1,"href":"https:\/\/corrientesdetarde.com\/index.php\/wp-json\/wp\/v2\/posts\/48622\/revisions"}],"predecessor-version":[{"id":48627,"href":"https:\/\/corrientesdetarde.com\/index.php\/wp-json\/wp\/v2\/posts\/48622\/revisions\/48627"}],"wp:featuredmedia":[{"embeddable":true,"href":"https:\/\/corrientesdetarde.com\/index.php\/wp-json\/wp\/v2\/media\/48626"}],"wp:attachment":[{"href":"https:\/\/corrientesdetarde.com\/index.php\/wp-json\/wp\/v2\/media?parent=48622"}],"wp:term":[{"taxonomy":"category","embeddable":true,"href":"https:\/\/corrientesdetarde.com\/index.php\/wp-json\/wp\/v2\/categories?post=48622"},{"taxonomy":"post_tag","embeddable":true,"href":"https:\/\/corrientesdetarde.com\/index.php\/wp-json\/wp\/v2\/tags?post=48622"}],"curies":[{"name":"wp","href":"https:\/\/api.w.org\/{rel}","templated":true}]}}