{"id":48628,"date":"2023-03-21T11:22:01","date_gmt":"2023-03-21T14:22:01","guid":{"rendered":"https:\/\/corrientesdetarde.com\/?p=48628"},"modified":"2023-03-21T11:22:03","modified_gmt":"2023-03-21T14:22:03","slug":"berni-obras-en-colecciones-privadas","status":"publish","type":"post","link":"https:\/\/corrientesdetarde.com\/index.php\/cultura\/berni-obras-en-colecciones-privadas\/","title":{"rendered":"Berni, obras en colecciones privadas"},"content":{"rendered":"\n<p>El 29 de marzo a las 20 en la Sala Jos\u00e9 Negro del Museo Provincial de Bellas Artes Juan Ram\u00f3n Vidal quedar\u00e1 inaugurada la muestra \u201cBerni. Obras en colecciones privadas\u201d, que re\u00fane un conjunto de obras en diversos formatos, t\u00e9cnicas y soportes provenientes de colecciones particulares. Se exhibir\u00e1 tambi\u00e9n la obra Boceto de Antonio Berni recientemente adquirida en la Feria Internacional Arteba y habr\u00e1 libros e ilustraciones sobre el maestro argentino.&nbsp;<\/p>\n\n\n\n<p>En el marco de esta muestra se prev\u00e9 una conferencia sobre la vida y la obra de Berni que estar\u00e1 a cargo de Alejandra Fern\u00e1ndez.&nbsp;<\/p>\n\n\n\n<p>Antonio Berni fue pintor, grabador, dibujante y muralista. Sus obras m\u00e1s recordadas fueron Juanito Laguna y Ramona Montiel. Considerado uno de los artistas con mayor esp\u00edritu moderno del pa\u00eds, renov\u00f3 los medios tradicionales del lenguaje pl\u00e1stico.&nbsp;<\/p>\n\n\n\n<p>Sus obras abrevaron en todos los estilos art\u00edsticos, a lo largo de toda su vida, y en todos fue reconocido por su excelencia y singularidad.&nbsp;<\/p>\n\n\n\n<p>Su obra y su modo de concebir un arte no disociado del compromiso social lo convierten en un s\u00edmbolo de la b\u00fasqueda trascendental de un mundo m\u00e1s justo, solidario y equitativo.&nbsp;<\/p>\n","protected":false},"excerpt":{"rendered":"<p>El 29 de marzo a las 20 en la Sala Jos\u00e9 Negro del Museo Provincial de Bellas Artes Juan Ram\u00f3n Vidal quedar\u00e1 inaugurada la muestra \u201cBerni. Obras en colecciones privadas\u201d,&hellip; <\/p>\n","protected":false},"author":4,"featured_media":48629,"comment_status":"closed","ping_status":"open","sticky":false,"template":"","format":"standard","meta":{"footnotes":""},"categories":[15],"tags":[],"class_list":["post-48628","post","type-post","status-publish","format-standard","has-post-thumbnail","hentry","category-cultura"],"_links":{"self":[{"href":"https:\/\/corrientesdetarde.com\/index.php\/wp-json\/wp\/v2\/posts\/48628","targetHints":{"allow":["GET"]}}],"collection":[{"href":"https:\/\/corrientesdetarde.com\/index.php\/wp-json\/wp\/v2\/posts"}],"about":[{"href":"https:\/\/corrientesdetarde.com\/index.php\/wp-json\/wp\/v2\/types\/post"}],"author":[{"embeddable":true,"href":"https:\/\/corrientesdetarde.com\/index.php\/wp-json\/wp\/v2\/users\/4"}],"replies":[{"embeddable":true,"href":"https:\/\/corrientesdetarde.com\/index.php\/wp-json\/wp\/v2\/comments?post=48628"}],"version-history":[{"count":1,"href":"https:\/\/corrientesdetarde.com\/index.php\/wp-json\/wp\/v2\/posts\/48628\/revisions"}],"predecessor-version":[{"id":48630,"href":"https:\/\/corrientesdetarde.com\/index.php\/wp-json\/wp\/v2\/posts\/48628\/revisions\/48630"}],"wp:featuredmedia":[{"embeddable":true,"href":"https:\/\/corrientesdetarde.com\/index.php\/wp-json\/wp\/v2\/media\/48629"}],"wp:attachment":[{"href":"https:\/\/corrientesdetarde.com\/index.php\/wp-json\/wp\/v2\/media?parent=48628"}],"wp:term":[{"taxonomy":"category","embeddable":true,"href":"https:\/\/corrientesdetarde.com\/index.php\/wp-json\/wp\/v2\/categories?post=48628"},{"taxonomy":"post_tag","embeddable":true,"href":"https:\/\/corrientesdetarde.com\/index.php\/wp-json\/wp\/v2\/tags?post=48628"}],"curies":[{"name":"wp","href":"https:\/\/api.w.org\/{rel}","templated":true}]}}