{"id":48631,"date":"2023-03-21T11:28:16","date_gmt":"2023-03-21T14:28:16","guid":{"rendered":"https:\/\/corrientesdetarde.com\/?p=48631"},"modified":"2023-03-21T11:28:59","modified_gmt":"2023-03-21T14:28:59","slug":"piqueteros-cortaron-el-acceso-a-corrientes-en-reclamo-por-detenciones-en-mendoza","status":"publish","type":"post","link":"https:\/\/corrientesdetarde.com\/index.php\/locales\/piqueteros-cortaron-el-acceso-a-corrientes-en-reclamo-por-detenciones-en-mendoza\/","title":{"rendered":"Piqueteros cortan el acceso a Corrientes por ruta 12 en reclamo por detenciones en Mendoza"},"content":{"rendered":"\n<p>La ma\u00f1ana del martes inici\u00f3 con manifestaciones en el acceso a la capital correntina, en la intersecci\u00f3n de la Ruta Nacional 12 y la Ruta Provincial 5.<\/p>\n\n\n\n<p>Un importante grupo de personas pertenecientes a la Unidad Piquetera y el Polo Obrero se manifestaron en la ma\u00f1ana de este martes en la intersecci\u00f3n de la Ruta Nacional 12 y la Ruta Provincial 5, en el acceso a la capital correntina.<\/p>\n\n\n\n<p>El motivo del corte de tr\u00e1nsito tiene que ver con detenciones de piqueteros en la provincia de Mendoza.<\/p>\n","protected":false},"excerpt":{"rendered":"<p>La ma\u00f1ana del martes inici\u00f3 con manifestaciones en el acceso a la capital correntina, en la intersecci\u00f3n de la Ruta Nacional 12 y la Ruta Provincial 5. Un importante grupo&hellip; <\/p>\n","protected":false},"author":4,"featured_media":48632,"comment_status":"closed","ping_status":"open","sticky":false,"template":"","format":"standard","meta":{"footnotes":""},"categories":[8],"tags":[],"class_list":["post-48631","post","type-post","status-publish","format-standard","has-post-thumbnail","hentry","category-locales"],"_links":{"self":[{"href":"https:\/\/corrientesdetarde.com\/index.php\/wp-json\/wp\/v2\/posts\/48631","targetHints":{"allow":["GET"]}}],"collection":[{"href":"https:\/\/corrientesdetarde.com\/index.php\/wp-json\/wp\/v2\/posts"}],"about":[{"href":"https:\/\/corrientesdetarde.com\/index.php\/wp-json\/wp\/v2\/types\/post"}],"author":[{"embeddable":true,"href":"https:\/\/corrientesdetarde.com\/index.php\/wp-json\/wp\/v2\/users\/4"}],"replies":[{"embeddable":true,"href":"https:\/\/corrientesdetarde.com\/index.php\/wp-json\/wp\/v2\/comments?post=48631"}],"version-history":[{"count":2,"href":"https:\/\/corrientesdetarde.com\/index.php\/wp-json\/wp\/v2\/posts\/48631\/revisions"}],"predecessor-version":[{"id":48635,"href":"https:\/\/corrientesdetarde.com\/index.php\/wp-json\/wp\/v2\/posts\/48631\/revisions\/48635"}],"wp:featuredmedia":[{"embeddable":true,"href":"https:\/\/corrientesdetarde.com\/index.php\/wp-json\/wp\/v2\/media\/48632"}],"wp:attachment":[{"href":"https:\/\/corrientesdetarde.com\/index.php\/wp-json\/wp\/v2\/media?parent=48631"}],"wp:term":[{"taxonomy":"category","embeddable":true,"href":"https:\/\/corrientesdetarde.com\/index.php\/wp-json\/wp\/v2\/categories?post=48631"},{"taxonomy":"post_tag","embeddable":true,"href":"https:\/\/corrientesdetarde.com\/index.php\/wp-json\/wp\/v2\/tags?post=48631"}],"curies":[{"name":"wp","href":"https:\/\/api.w.org\/{rel}","templated":true}]}}