{"id":48636,"date":"2023-03-21T11:35:58","date_gmt":"2023-03-21T14:35:58","guid":{"rendered":"https:\/\/corrientesdetarde.com\/?p=48636"},"modified":"2023-03-21T11:36:02","modified_gmt":"2023-03-21T14:36:02","slug":"bellas-artes-homenajea-rolando-diaz-cabral","status":"publish","type":"post","link":"https:\/\/corrientesdetarde.com\/index.php\/cultura\/bellas-artes-homenajea-rolando-diaz-cabral\/","title":{"rendered":"Bellas Artes homenajea Rolando D\u00edaz Cabral"},"content":{"rendered":"\n<p>La inauguraci\u00f3n ser\u00e1 el 3 de abril a las 20. La exposici\u00f3n reunir\u00e1 un conjunto de obras cer\u00e1micas y pict\u00f3ricas provenientes de las colecciones del Museo y privadas.\u00a0<\/p>\n\n\n\n<p>Con el objetivo de comenzar a celebrar el mes de Corrientes, el Museo de Bellas Artes \u201cJuan Ram\u00f3n Vidal\u201d inaugurar\u00e1 el 3 de abril a las 20 una muestra-homenaje al artista Rolando D\u00edaz Cabral, fallecido en 2022. La exposici\u00f3n reunir\u00e1 un conjunto de obras cer\u00e1micas y pict\u00f3ricas provenientes de las colecciones del Museo y privadas.&nbsp;<\/p>\n\n\n\n<p>Alumno de Lino Enea Spilimbergo, formado profesionalmente con los mejores referentes del \u00e1mbito de las bellas artes, Rolando se consider\u00f3 un defensor de la cultura y tuvo perfecta conciencia de su modestia. \u201cNo me dejo llevar por los honores, pero entiendo que ninguna figura se hace si no tiene aliento\u201d.&nbsp;<\/p>\n\n\n\n<p>Due\u00f1o de grandes reconocimientos a nivel nacional e internacional, Rolando D\u00edaz Cabral comenz\u00f3 en 1964 esculpiendo carrozas en papel de diario y engrudo, \u00e9poca en que el artista recordaba como si fuera ayer, con mucha nostalgia.&nbsp;<\/p>\n\n\n\n<p>Nacido en pleno coraz\u00f3n del centro capitalino, su cuna se enriqueci\u00f3 con historia pasada. Hoy su casa paterna alberga al Museo Casa Molina, ubicado por calle Carlos Pellegrini.&nbsp;<\/p>\n\n\n\n<p>Reconocido por realizar las mejores y premiadas carrozas de las comparsas tradicionales de la Capital Nacional del Carnaval (Copacabana, Ara Ber\u00e1 y Frou Frou) el artista recorri\u00f3 el mundo cultivando sus conocimientos que supo transmitir de generaci\u00f3n en generaci\u00f3n.&nbsp;<\/p>\n\n\n\n<p>A trav\u00e9s de sus redes sociales, y anticipando la inauguraci\u00f3n de esta muestra, desde el Museo de Bellas Artes recordaron que este artista cuenta con un extenso curr\u00edculum.&nbsp;<\/p>\n\n\n\n<p>Entre algunas consagraciones por sus trabajos art\u00edsticos se pueden mencionar la obtenci\u00f3n del primer premio en la Fiesta de la Vendimia en Mendoza, en la de Mar del Plata, la del Tabaco en Goya, de la Flor en Escobar, la del Citrus en Entre R\u00edos y de la Primavera en avenida Santa Fe en Capital Federal.&nbsp;<\/p>\n\n\n\n<p>A pesar de que emigr\u00f3 de la ciudad de Corrientes siempre sus trabajos mantuvieron un fuerte arraigo correntino. Residi\u00f3 en la Provincia de Buenos Aires.&nbsp;<\/p>\n\n\n\n<p>Esta exposici\u00f3n podr\u00e1 ser visitada de lunes a viernes de 8 a 12 y de 17 a 20, s\u00e1bados, domingos y feriados de 10 a 12 y de 18 a 20 con entrada libre y gratuita.&nbsp;<\/p>\n\n\n\n<p>Las escuelas que deseen realizar visitas guiadas, podr\u00e1n hacerlo, previo env\u00edo de un mail solicit\u00e1ndola a museovidalctes@hotmail.com.<\/p>\n","protected":false},"excerpt":{"rendered":"<p>La inauguraci\u00f3n ser\u00e1 el 3 de abril a las 20. La exposici\u00f3n reunir\u00e1 un conjunto de obras cer\u00e1micas y pict\u00f3ricas provenientes de las colecciones del Museo y privadas.\u00a0 Con el&hellip; <\/p>\n","protected":false},"author":4,"featured_media":48638,"comment_status":"closed","ping_status":"open","sticky":false,"template":"","format":"standard","meta":{"footnotes":""},"categories":[15],"tags":[],"class_list":["post-48636","post","type-post","status-publish","format-standard","has-post-thumbnail","hentry","category-cultura"],"_links":{"self":[{"href":"https:\/\/corrientesdetarde.com\/index.php\/wp-json\/wp\/v2\/posts\/48636","targetHints":{"allow":["GET"]}}],"collection":[{"href":"https:\/\/corrientesdetarde.com\/index.php\/wp-json\/wp\/v2\/posts"}],"about":[{"href":"https:\/\/corrientesdetarde.com\/index.php\/wp-json\/wp\/v2\/types\/post"}],"author":[{"embeddable":true,"href":"https:\/\/corrientesdetarde.com\/index.php\/wp-json\/wp\/v2\/users\/4"}],"replies":[{"embeddable":true,"href":"https:\/\/corrientesdetarde.com\/index.php\/wp-json\/wp\/v2\/comments?post=48636"}],"version-history":[{"count":1,"href":"https:\/\/corrientesdetarde.com\/index.php\/wp-json\/wp\/v2\/posts\/48636\/revisions"}],"predecessor-version":[{"id":48639,"href":"https:\/\/corrientesdetarde.com\/index.php\/wp-json\/wp\/v2\/posts\/48636\/revisions\/48639"}],"wp:featuredmedia":[{"embeddable":true,"href":"https:\/\/corrientesdetarde.com\/index.php\/wp-json\/wp\/v2\/media\/48638"}],"wp:attachment":[{"href":"https:\/\/corrientesdetarde.com\/index.php\/wp-json\/wp\/v2\/media?parent=48636"}],"wp:term":[{"taxonomy":"category","embeddable":true,"href":"https:\/\/corrientesdetarde.com\/index.php\/wp-json\/wp\/v2\/categories?post=48636"},{"taxonomy":"post_tag","embeddable":true,"href":"https:\/\/corrientesdetarde.com\/index.php\/wp-json\/wp\/v2\/tags?post=48636"}],"curies":[{"name":"wp","href":"https:\/\/api.w.org\/{rel}","templated":true}]}}