{"id":48658,"date":"2023-03-21T12:29:16","date_gmt":"2023-03-21T15:29:16","guid":{"rendered":"https:\/\/corrientesdetarde.com\/?p=48658"},"modified":"2023-03-21T12:29:18","modified_gmt":"2023-03-21T15:29:18","slug":"el-icaa-firmo-un-convenio-de-trabajo-con-el-municipio-capitalino","status":"publish","type":"post","link":"https:\/\/corrientesdetarde.com\/index.php\/actualidad\/el-icaa-firmo-un-convenio-de-trabajo-con-el-municipio-capitalino\/","title":{"rendered":"El ICAA firm\u00f3 un convenio de trabajo con el Municipio capitalino"},"content":{"rendered":"\n<p>La articulaci\u00f3n de gesti\u00f3n ambiental e hidr\u00e1ulica entre el Instituto Correntino del Agua y del Ambiente (ICAA) y la Municipalidad de la Ciudad de Corrientes (MCC) qued\u00f3 establecida en un convenio marco rubricado por las autoridades de ambas instituciones.<\/p>\n\n\n\n<p>El administrador general del ICAA, Mario Antonio Salvia y el intendente Eduardo Tassano firmaron el convenio de trabajo que permitir\u00e1 una labor consensuada en temas inherentes a las normas hidr\u00e1ulicas, ambientales, miner\u00eda, tierras e islas fiscales, en las actividades de desarrollo de la capital correntina.<\/p>\n\n\n\n<p>En particular el acuerdo prev\u00e9 la planificaci\u00f3n de un cronograma de acciones sustentadas en el desarrollo sostenible, con inicio en tres ejes principales:&nbsp;capacitaciones en la tem\u00e1tica ambiental \u2013 hidr\u00e1ulica; el intercambio de informaci\u00f3n permanente para una gesti\u00f3n m\u00e1s eficiente y la simplificaci\u00f3n de los tr\u00e1mites para los proponentes de proyectos o vecinos.<\/p>\n\n\n\n<p>Adem\u00e1s, generan propuestas para la implementaci\u00f3n de programas, proyectos y actividades, a fin de promocionar y desarrollar estrategias de cooperaci\u00f3n, intercambio y reciprocidad en temas concernientes a recursos h\u00eddricos, gesti\u00f3n ambiental, miner\u00eda, tierras e islas.<\/p>\n\n\n\n<p>Participaron de la firma del acuerdo realizado el viernes 17 de marzo pasado en el despacho del Intendente en el palacio comunal, los funcionarios del municipio secretarios de Coordinaci\u00f3n de Gobierno, Hugo Calvano; y de Desarrollo Urbano, Alejandra Wichmann y del ICAA, el gerente de Coordinaci\u00f3n Administrativa, Osmar Dufort.<\/p>\n","protected":false},"excerpt":{"rendered":"<p>La articulaci\u00f3n de gesti\u00f3n ambiental e hidr\u00e1ulica entre el Instituto Correntino del Agua y del Ambiente (ICAA) y la Municipalidad de la Ciudad de Corrientes (MCC) qued\u00f3 establecida en un&hellip; <\/p>\n","protected":false},"author":4,"featured_media":48659,"comment_status":"closed","ping_status":"open","sticky":false,"template":"","format":"standard","meta":{"footnotes":""},"categories":[23],"tags":[],"class_list":["post-48658","post","type-post","status-publish","format-standard","has-post-thumbnail","hentry","category-actualidad"],"_links":{"self":[{"href":"https:\/\/corrientesdetarde.com\/index.php\/wp-json\/wp\/v2\/posts\/48658","targetHints":{"allow":["GET"]}}],"collection":[{"href":"https:\/\/corrientesdetarde.com\/index.php\/wp-json\/wp\/v2\/posts"}],"about":[{"href":"https:\/\/corrientesdetarde.com\/index.php\/wp-json\/wp\/v2\/types\/post"}],"author":[{"embeddable":true,"href":"https:\/\/corrientesdetarde.com\/index.php\/wp-json\/wp\/v2\/users\/4"}],"replies":[{"embeddable":true,"href":"https:\/\/corrientesdetarde.com\/index.php\/wp-json\/wp\/v2\/comments?post=48658"}],"version-history":[{"count":1,"href":"https:\/\/corrientesdetarde.com\/index.php\/wp-json\/wp\/v2\/posts\/48658\/revisions"}],"predecessor-version":[{"id":48660,"href":"https:\/\/corrientesdetarde.com\/index.php\/wp-json\/wp\/v2\/posts\/48658\/revisions\/48660"}],"wp:featuredmedia":[{"embeddable":true,"href":"https:\/\/corrientesdetarde.com\/index.php\/wp-json\/wp\/v2\/media\/48659"}],"wp:attachment":[{"href":"https:\/\/corrientesdetarde.com\/index.php\/wp-json\/wp\/v2\/media?parent=48658"}],"wp:term":[{"taxonomy":"category","embeddable":true,"href":"https:\/\/corrientesdetarde.com\/index.php\/wp-json\/wp\/v2\/categories?post=48658"},{"taxonomy":"post_tag","embeddable":true,"href":"https:\/\/corrientesdetarde.com\/index.php\/wp-json\/wp\/v2\/tags?post=48658"}],"curies":[{"name":"wp","href":"https:\/\/api.w.org\/{rel}","templated":true}]}}