{"id":48686,"date":"2023-03-21T15:30:21","date_gmt":"2023-03-21T18:30:21","guid":{"rendered":"https:\/\/corrientesdetarde.com\/?p=48686"},"modified":"2023-03-21T15:30:25","modified_gmt":"2023-03-21T18:30:25","slug":"correntinos-del-seleccionado-argentino-femenino-de-futbol-de-salon-visitaron-la-secretaria-de-deportes","status":"publish","type":"post","link":"https:\/\/corrientesdetarde.com\/index.php\/deportes\/correntinos-del-seleccionado-argentino-femenino-de-futbol-de-salon-visitaron-la-secretaria-de-deportes\/","title":{"rendered":"Correntinos del seleccionado argentino Femenino de F\u00fatbol de Sal\u00f3n visitaron la Secretar\u00eda de Deportes"},"content":{"rendered":"\n<p>La arquera de la Selecci\u00f3n Argentina de F\u00fatbol de Sal\u00f3n, Mar\u00eda Eugenia Vispo; y el profesor Marcelo Deneka, preparador f\u00edsico de la mencionada selecci\u00f3n y t\u00e9cnico de la Selecci\u00f3n Capitalina de F\u00fatbol de Sal\u00f3n, fueron recibidos este martes por el Secretario de Deportes de la Provincia, Jorge Terrile.<\/p>\n\n\n\n<p>Como integrante de la Selecci\u00f3n Argentina de F\u00fatbol de Sal\u00f3n, Mar\u00eda Eugenia fue segunda en el Mundial (FIFUSA) que se realiz\u00f3 en marzo pasado en la provincia de Misiones.<\/p>\n\n\n\n<p>En el plano local, fue primer puesto en el Provincial de F\u00fatbol de Sal\u00f3n que tuvo como epicentro la localidad de Santa Rosa.&nbsp;<\/p>\n\n\n\n<p>Actualmente, la joven deportista correntina, de 29 a\u00f1os de edad y dise\u00f1adora gr\u00e1fica de profesi\u00f3n, integra las filas del Club Curupay, d\u00f3nde se desempe\u00f1a en la modalidad de f\u00fatbol 11 y f\u00fatbol de sal\u00f3n.&nbsp;<\/p>\n\n\n\n<p>Entre sus logros tambi\u00e9n se destaca haber participado con la Selecci\u00f3n Correntina en el Campeonato Argentino de Selecciones que se realiz\u00f3 en Tucum\u00e1n, a fines del 2022, oportunidad en que fue convocada para formar parte de la Selecci\u00f3n Nacional.<\/p>\n\n\n\n<p>Tanto Mar\u00eda Eugenia, como el preparador f\u00edsico Marcelo Deneka, se alistan para una nueva concentraci\u00f3n nacional, que estiman se realizar\u00e1 en los pr\u00f3ximos meses. \u201cEl objetivo es llegar con la&nbsp;mejor preparaci\u00f3n t\u00e9cnica y f\u00edsica al pr\u00f3ximo mundial FIFUSA\u201d, se\u00f1alaron.&nbsp;&nbsp;<\/p>\n","protected":false},"excerpt":{"rendered":"<p>La arquera de la Selecci\u00f3n Argentina de F\u00fatbol de Sal\u00f3n, Mar\u00eda Eugenia Vispo; y el profesor Marcelo Deneka, preparador f\u00edsico de la mencionada selecci\u00f3n y t\u00e9cnico de la Selecci\u00f3n Capitalina&hellip; <\/p>\n","protected":false},"author":8,"featured_media":48687,"comment_status":"closed","ping_status":"open","sticky":false,"template":"","format":"standard","meta":{"footnotes":""},"categories":[4],"tags":[],"class_list":["post-48686","post","type-post","status-publish","format-standard","has-post-thumbnail","hentry","category-deportes"],"_links":{"self":[{"href":"https:\/\/corrientesdetarde.com\/index.php\/wp-json\/wp\/v2\/posts\/48686","targetHints":{"allow":["GET"]}}],"collection":[{"href":"https:\/\/corrientesdetarde.com\/index.php\/wp-json\/wp\/v2\/posts"}],"about":[{"href":"https:\/\/corrientesdetarde.com\/index.php\/wp-json\/wp\/v2\/types\/post"}],"author":[{"embeddable":true,"href":"https:\/\/corrientesdetarde.com\/index.php\/wp-json\/wp\/v2\/users\/8"}],"replies":[{"embeddable":true,"href":"https:\/\/corrientesdetarde.com\/index.php\/wp-json\/wp\/v2\/comments?post=48686"}],"version-history":[{"count":1,"href":"https:\/\/corrientesdetarde.com\/index.php\/wp-json\/wp\/v2\/posts\/48686\/revisions"}],"predecessor-version":[{"id":48688,"href":"https:\/\/corrientesdetarde.com\/index.php\/wp-json\/wp\/v2\/posts\/48686\/revisions\/48688"}],"wp:featuredmedia":[{"embeddable":true,"href":"https:\/\/corrientesdetarde.com\/index.php\/wp-json\/wp\/v2\/media\/48687"}],"wp:attachment":[{"href":"https:\/\/corrientesdetarde.com\/index.php\/wp-json\/wp\/v2\/media?parent=48686"}],"wp:term":[{"taxonomy":"category","embeddable":true,"href":"https:\/\/corrientesdetarde.com\/index.php\/wp-json\/wp\/v2\/categories?post=48686"},{"taxonomy":"post_tag","embeddable":true,"href":"https:\/\/corrientesdetarde.com\/index.php\/wp-json\/wp\/v2\/tags?post=48686"}],"curies":[{"name":"wp","href":"https:\/\/api.w.org\/{rel}","templated":true}]}}