{"id":48705,"date":"2023-03-21T16:07:02","date_gmt":"2023-03-21T19:07:02","guid":{"rendered":"https:\/\/corrientesdetarde.com\/?p=48705"},"modified":"2023-03-21T16:07:05","modified_gmt":"2023-03-21T19:07:05","slug":"la-provincia-provee-de-cordon-cuneta-a-calle-del-barrio-hipodromo","status":"publish","type":"post","link":"https:\/\/corrientesdetarde.com\/index.php\/informacion-general\/la-provincia-provee-de-cordon-cuneta-a-calle-del-barrio-hipodromo\/","title":{"rendered":"La Provincia provee de cord\u00f3n cuneta a calle del barrio Hip\u00f3dromo"},"content":{"rendered":"\n<p>El Gobierno Provincial comenz\u00f3 la construcci\u00f3n de&nbsp;cord\u00f3n cuneta en el barrio Hip\u00f3dromo. Los trabajos arrancaron por calle Reconquista y se tiene previsto, inicialmente,&nbsp;proveer de m\u00e1s de 2.400 metros lineales de esta infraestructura vial a esa barriada de la ciudad de Corrientes.<\/p>\n\n\n\n<p>Estas obras, enmarcadas dentro del plan de Mejoramiento Barrial Provincial, son llevadas adelante por el Ministerio de Obras y Servicios P\u00fablicos a trav\u00e9s de Vialidad Urbana.<\/p>\n\n\n\n<p>Tras el preparado de&nbsp;bases y la readecuaci\u00f3n de redes de servicios, se est\u00e1 proveyendo de cord\u00f3n cuneta a la calle Reconquista desde su cruce con la avenida Ra\u00fal Alfons\u00edn&nbsp;y hasta casi su intersecci\u00f3n con la avenida Armenia.<\/p>\n\n\n\n<p>Tambi\u00e9n ser\u00e1n intervenidas en este barrio con trabajos similares, las calles: Abrevadero de Reconquista a avenida Chacabuco, Gobernador Virasoro&nbsp;entre avenida Chacabuco y pasaje Galarza, Jun\u00edn de Reconquista a pasaje Galarza y pasaje Galarza entre las avenidas Ra\u00fal Alfons\u00edn&nbsp;y Armenia.<\/p>\n\n\n\n<p>En esta etapa&nbsp;ser\u00e1n 9 cuadras demarcadas, un total aproximado de 1200 metros de calzada, algo m\u00e1s de 2400 metros lineales de cord\u00f3n cuneta, que ser\u00e1n complementados con badenes y la provisi\u00f3n de una decena de boca de tormentas.<\/p>\n\n\n\n<p>Estos trabajos son&nbsp;emprendidos por Administraci\u00f3n&nbsp;con personal y equipos propios del Gobierno Provincial, raz\u00f3n por la cual se&nbsp;ahorra sustancialmente en los costos operativos, posibilitando, adem\u00e1s de la rapidez con que se llevan a cabo, generar nuevos frentes de obras con iguales recursos.<\/p>\n\n\n\n<p>En la actualidad en Corrientes, se trabaja con cord\u00f3n cuneta en los barrios Villa Garc\u00eda, Santa Rosa, 17 de Agosto , ex V\u00eda, y Pio x, entre otros.<\/p>\n\n\n\n<figure class=\"wp-block-image size-full\"><img loading=\"lazy\" decoding=\"async\" width=\"1021\" height=\"629\" src=\"https:\/\/corrientesdetarde.com\/wp-content\/uploads\/2023\/03\/image-717.png\" alt=\"\" class=\"wp-image-48706\" srcset=\"https:\/\/corrientesdetarde.com\/wp-content\/uploads\/2023\/03\/image-717.png 1021w, https:\/\/corrientesdetarde.com\/wp-content\/uploads\/2023\/03\/image-717-300x185.png 300w, https:\/\/corrientesdetarde.com\/wp-content\/uploads\/2023\/03\/image-717-768x473.png 768w\" sizes=\"auto, (max-width: 1021px) 100vw, 1021px\" \/><\/figure>\n\n\n\n<figure class=\"wp-block-image size-large\"><img loading=\"lazy\" decoding=\"async\" width=\"782\" height=\"1024\" src=\"https:\/\/corrientesdetarde.com\/wp-content\/uploads\/2023\/03\/image-718-782x1024.png\" alt=\"\" class=\"wp-image-48707\" srcset=\"https:\/\/corrientesdetarde.com\/wp-content\/uploads\/2023\/03\/image-718-782x1024.png 782w, https:\/\/corrientesdetarde.com\/wp-content\/uploads\/2023\/03\/image-718-229x300.png 229w, https:\/\/corrientesdetarde.com\/wp-content\/uploads\/2023\/03\/image-718-768x1005.png 768w, https:\/\/corrientesdetarde.com\/wp-content\/uploads\/2023\/03\/image-718.png 912w\" sizes=\"auto, (max-width: 782px) 100vw, 782px\" \/><\/figure>\n\n\n\n<figure class=\"wp-block-image size-large\"><img loading=\"lazy\" decoding=\"async\" width=\"1024\" height=\"698\" src=\"https:\/\/corrientesdetarde.com\/wp-content\/uploads\/2023\/03\/image-719-1024x698.png\" alt=\"\" class=\"wp-image-48708\" srcset=\"https:\/\/corrientesdetarde.com\/wp-content\/uploads\/2023\/03\/image-719-1024x698.png 1024w, https:\/\/corrientesdetarde.com\/wp-content\/uploads\/2023\/03\/image-719-300x205.png 300w, https:\/\/corrientesdetarde.com\/wp-content\/uploads\/2023\/03\/image-719-768x524.png 768w, https:\/\/corrientesdetarde.com\/wp-content\/uploads\/2023\/03\/image-719.png 1364w\" sizes=\"auto, (max-width: 1024px) 100vw, 1024px\" \/><\/figure>\n","protected":false},"excerpt":{"rendered":"<p>El Gobierno Provincial comenz\u00f3 la construcci\u00f3n de&nbsp;cord\u00f3n cuneta en el barrio Hip\u00f3dromo. Los trabajos arrancaron por calle Reconquista y se tiene previsto, inicialmente,&nbsp;proveer de m\u00e1s de 2.400 metros lineales de&hellip; <\/p>\n","protected":false},"author":8,"featured_media":48709,"comment_status":"closed","ping_status":"open","sticky":false,"template":"","format":"standard","meta":{"footnotes":""},"categories":[1],"tags":[],"class_list":["post-48705","post","type-post","status-publish","format-standard","has-post-thumbnail","hentry","category-informacion-general"],"_links":{"self":[{"href":"https:\/\/corrientesdetarde.com\/index.php\/wp-json\/wp\/v2\/posts\/48705","targetHints":{"allow":["GET"]}}],"collection":[{"href":"https:\/\/corrientesdetarde.com\/index.php\/wp-json\/wp\/v2\/posts"}],"about":[{"href":"https:\/\/corrientesdetarde.com\/index.php\/wp-json\/wp\/v2\/types\/post"}],"author":[{"embeddable":true,"href":"https:\/\/corrientesdetarde.com\/index.php\/wp-json\/wp\/v2\/users\/8"}],"replies":[{"embeddable":true,"href":"https:\/\/corrientesdetarde.com\/index.php\/wp-json\/wp\/v2\/comments?post=48705"}],"version-history":[{"count":1,"href":"https:\/\/corrientesdetarde.com\/index.php\/wp-json\/wp\/v2\/posts\/48705\/revisions"}],"predecessor-version":[{"id":48710,"href":"https:\/\/corrientesdetarde.com\/index.php\/wp-json\/wp\/v2\/posts\/48705\/revisions\/48710"}],"wp:featuredmedia":[{"embeddable":true,"href":"https:\/\/corrientesdetarde.com\/index.php\/wp-json\/wp\/v2\/media\/48709"}],"wp:attachment":[{"href":"https:\/\/corrientesdetarde.com\/index.php\/wp-json\/wp\/v2\/media?parent=48705"}],"wp:term":[{"taxonomy":"category","embeddable":true,"href":"https:\/\/corrientesdetarde.com\/index.php\/wp-json\/wp\/v2\/categories?post=48705"},{"taxonomy":"post_tag","embeddable":true,"href":"https:\/\/corrientesdetarde.com\/index.php\/wp-json\/wp\/v2\/tags?post=48705"}],"curies":[{"name":"wp","href":"https:\/\/api.w.org\/{rel}","templated":true}]}}