{"id":48711,"date":"2023-03-21T16:14:08","date_gmt":"2023-03-21T19:14:08","guid":{"rendered":"https:\/\/corrientesdetarde.com\/?p=48711"},"modified":"2023-03-21T16:14:12","modified_gmt":"2023-03-21T19:14:12","slug":"cronograma-de-garrafa-social-4","status":"publish","type":"post","link":"https:\/\/corrientesdetarde.com\/index.php\/sociales\/cronograma-de-garrafa-social-4\/","title":{"rendered":"Cronograma de Garrafa Social"},"content":{"rendered":"\n<p>El Ministerio de Desarrollo Social de la provincia informa el cronograma de venta de la Garrafa Social de esta semana mi\u00e9rcoles 22 y jueves 23 de marzo en los B Quintana y B Santamar\u00eda.<\/p>\n\n\n\n<p>La Subsecretar\u00eda de Desarrollo Humano e Igualdad a cargo de la Lic. Gabriela Castro tiene a su cargo la implementaci\u00f3n de este programa con venta de garrafas a precios m\u00e1s accesibles en los distintos barrios de la Capital.<\/p>\n\n\n\n<p><strong><u>Garrafa Social<\/u><\/strong><\/p>\n\n\n\n<p><strong><u>Mi\u00e9rcoles 22&nbsp;de marzo<\/u><\/strong><\/p>\n\n\n\n<p>9:30 a 11 hs<\/p>\n\n\n\n<p>B\u00b0 Quintana<\/p>\n\n\n\n<p>Av. Cangallo y Frondizi<\/p>\n\n\n\n<p>Plaza Ex Combatientes de Malvinas<\/p>\n\n\n\n<p><strong><u>Jueves 23 de marzo<\/u><\/strong><\/p>\n\n\n\n<p>10 a 11 hs<\/p>\n\n\n\n<p>B\u00b0 Santamar\u00eda<\/p>\n\n\n\n<p>Plaza los Constituyentes<\/p>\n\n\n\n<p>En Capital el precio de la garrafa es de $1500&nbsp;&nbsp;y hasta el momento se pueden adquirir en el marco de los operativos mencionados.<\/p>\n","protected":false},"excerpt":{"rendered":"<p>El Ministerio de Desarrollo Social de la provincia informa el cronograma de venta de la Garrafa Social de esta semana mi\u00e9rcoles 22 y jueves 23 de marzo en los B&hellip; <\/p>\n","protected":false},"author":8,"featured_media":48712,"comment_status":"closed","ping_status":"open","sticky":false,"template":"","format":"standard","meta":{"footnotes":""},"categories":[17],"tags":[],"class_list":["post-48711","post","type-post","status-publish","format-standard","has-post-thumbnail","hentry","category-sociales"],"_links":{"self":[{"href":"https:\/\/corrientesdetarde.com\/index.php\/wp-json\/wp\/v2\/posts\/48711","targetHints":{"allow":["GET"]}}],"collection":[{"href":"https:\/\/corrientesdetarde.com\/index.php\/wp-json\/wp\/v2\/posts"}],"about":[{"href":"https:\/\/corrientesdetarde.com\/index.php\/wp-json\/wp\/v2\/types\/post"}],"author":[{"embeddable":true,"href":"https:\/\/corrientesdetarde.com\/index.php\/wp-json\/wp\/v2\/users\/8"}],"replies":[{"embeddable":true,"href":"https:\/\/corrientesdetarde.com\/index.php\/wp-json\/wp\/v2\/comments?post=48711"}],"version-history":[{"count":1,"href":"https:\/\/corrientesdetarde.com\/index.php\/wp-json\/wp\/v2\/posts\/48711\/revisions"}],"predecessor-version":[{"id":48713,"href":"https:\/\/corrientesdetarde.com\/index.php\/wp-json\/wp\/v2\/posts\/48711\/revisions\/48713"}],"wp:featuredmedia":[{"embeddable":true,"href":"https:\/\/corrientesdetarde.com\/index.php\/wp-json\/wp\/v2\/media\/48712"}],"wp:attachment":[{"href":"https:\/\/corrientesdetarde.com\/index.php\/wp-json\/wp\/v2\/media?parent=48711"}],"wp:term":[{"taxonomy":"category","embeddable":true,"href":"https:\/\/corrientesdetarde.com\/index.php\/wp-json\/wp\/v2\/categories?post=48711"},{"taxonomy":"post_tag","embeddable":true,"href":"https:\/\/corrientesdetarde.com\/index.php\/wp-json\/wp\/v2\/tags?post=48711"}],"curies":[{"name":"wp","href":"https:\/\/api.w.org\/{rel}","templated":true}]}}