{"id":48723,"date":"2023-03-21T16:48:08","date_gmt":"2023-03-21T19:48:08","guid":{"rendered":"https:\/\/corrientesdetarde.com\/?p=48723"},"modified":"2023-03-21T16:48:11","modified_gmt":"2023-03-21T19:48:11","slug":"inflacion-los-precios-mayoristas-subieron-7-en-febrero","status":"publish","type":"post","link":"https:\/\/corrientesdetarde.com\/index.php\/economia\/inflacion-los-precios-mayoristas-subieron-7-en-febrero\/","title":{"rendered":"Inflaci\u00f3n: los precios mayoristas subieron 7% en febrero"},"content":{"rendered":"\n<p>En el segundo mes del 2023, el IPM estuvo impulsado por un fuerte incremento de la energ\u00eda el\u00e9ctrica y los productos agropecuarios.<\/p>\n\n\n\n<p>Los precios mayoristas\u00a0<strong>subieron un 7% en febrero y acumularon un incremento del 14% en lo que va del 2023,\u00a0<\/strong>seg\u00fan inform\u00f3 este martes el Instituto Nacional de Estad\u00edsticas y Censos (INDEC). En rigor, el \u00cdndice de Precios al por Mayor (IPM) se ubic\u00f3 0,4 puntos porcentuales por encima del\u00a0<strong>\u00cdndice de Precios al Consumidor (IPC),<\/strong> que fue del 6,6% en febrero.<\/p>\n\n\n\n<p>El\u00a0<strong>dato de la inflaci\u00f3n<\/strong>\u00a0que dio a conocer la semana pasada el organismo que conduce Marco Lavagna\u00a0<strong>acumul\u00f3 un 13,1%\u00a0<\/strong>en lo que va de 2023 y registr\u00f3 una variaci\u00f3n interanual del\u00a0<strong>102,5%<\/strong>, la m\u00e1s alta desde 1991.<\/p>\n\n\n\n<p>Seg\u00fan indica el informe oficial, el crecimiento del 7% de los precios mayoristas responde a una&nbsp;<strong>suba del 6,8% en los \u201cProductos nacionales\u201d&nbsp;<\/strong>y de un&nbsp;<strong>incremento del 9,2% en los \u201cProductos importados\u201d<\/strong>.<\/p>\n\n\n\n<p>En tanto, los nacionales estuvieron impulsados por los\u00a0<strong>productos primarios<\/strong>\u00a0que subieron un 8,8%. Ese aumento fue desacelerado por la suba del 6,2% promedio de los\u00a0<strong>productos manufacturados y la energ\u00eda el\u00e9ctrica.<\/strong><\/p>\n\n\n\n<p>En t\u00e9rminos<strong>\u00a0interanuales<\/strong>, los precios de los productos importados se incrementaron un<strong>\u00a0124,1%\u00a0<\/strong>respecto de febrero del 2022. Por su parte, los nacionales crecieron un\u00a0<strong>102,7%.\u00a0<\/strong>En este caso, el incremento acumulado m\u00e1s fuerte dentro de los elementos de producci\u00f3n local fue el de los\u00a0<strong>manufacturados\u00a0<\/strong>(103,5%) y la\u00a0<strong>energ\u00eda el\u00e9ctrica\u00a0<\/strong>(103,4%). Mientras que los\u00a0<strong>productos primarios<\/strong>\u00a0se incrementaron un 100,3%.<\/p>\n\n\n\n<h2 class=\"wp-block-heading\">Cu\u00e1l fue el aumento de los precios mayoristas en febrero<\/h2>\n\n\n\n<p>El INDEC publica&nbsp;<strong>tres tipos de \u00edndices<\/strong>&nbsp;sobre los precios mayoristas:<\/p>\n\n\n\n<ul class=\"wp-block-list\"><li>El m\u00e1s representativo es el \u00edndice de precios internos al por mayor (<strong>IPIM<\/strong>), que mide la variaci\u00f3n de los precios a los que los productores e importadores venden en el mercado interno, incluyendo impuestos. Este mostr\u00f3 un alza de\u00a0<strong>7%\u00a0<\/strong>en febrero y una variaci\u00f3n interanual de 104,3%.<\/li><li>Por su parte, el \u00edndice de Precios Internos B\u00e1sicos al por mayor (<strong>IPIB<\/strong>), que excluye el efecto impositivo del IPIM, mostr\u00f3 un aumento de<strong>\u00a06,9% el mes pasado<\/strong>\u00a0y de<strong>\u00a0105,4%\u00a0<\/strong>interanual.<\/li><li>Finalmente, est\u00e1 el \u00edndice de precios b\u00e1sicos del productor (<strong>IPP<\/strong>), que calcula la variaci\u00f3n de los precios de la producci\u00f3n local, sin impuestos. Este componente mostr\u00f3 un\u00a0<strong>aumento de 6,4%\u00a0<\/strong>y en los \u00faltimos 12 meses totaliz\u00f3 un incremento del\u00a0<strong>104,3%.<\/strong><\/li><\/ul>\n\n\n\n<figure class=\"wp-block-image size-large\"><img loading=\"lazy\" decoding=\"async\" width=\"1024\" height=\"922\" src=\"https:\/\/corrientesdetarde.com\/wp-content\/uploads\/2023\/03\/image-723-1024x922.png\" alt=\"\" class=\"wp-image-48724\" srcset=\"https:\/\/corrientesdetarde.com\/wp-content\/uploads\/2023\/03\/image-723-1024x922.png 1024w, https:\/\/corrientesdetarde.com\/wp-content\/uploads\/2023\/03\/image-723-300x270.png 300w, https:\/\/corrientesdetarde.com\/wp-content\/uploads\/2023\/03\/image-723-768x691.png 768w, https:\/\/corrientesdetarde.com\/wp-content\/uploads\/2023\/03\/image-723.png 1440w\" sizes=\"auto, (max-width: 1024px) 100vw, 1024px\" \/><\/figure>\n","protected":false},"excerpt":{"rendered":"<p>En el segundo mes del 2023, el IPM estuvo impulsado por un fuerte incremento de la energ\u00eda el\u00e9ctrica y los productos agropecuarios. Los precios mayoristas\u00a0subieron un 7% en febrero y&hellip; <\/p>\n","protected":false},"author":8,"featured_media":48725,"comment_status":"closed","ping_status":"open","sticky":false,"template":"","format":"standard","meta":{"footnotes":""},"categories":[20],"tags":[],"class_list":["post-48723","post","type-post","status-publish","format-standard","has-post-thumbnail","hentry","category-economia"],"_links":{"self":[{"href":"https:\/\/corrientesdetarde.com\/index.php\/wp-json\/wp\/v2\/posts\/48723","targetHints":{"allow":["GET"]}}],"collection":[{"href":"https:\/\/corrientesdetarde.com\/index.php\/wp-json\/wp\/v2\/posts"}],"about":[{"href":"https:\/\/corrientesdetarde.com\/index.php\/wp-json\/wp\/v2\/types\/post"}],"author":[{"embeddable":true,"href":"https:\/\/corrientesdetarde.com\/index.php\/wp-json\/wp\/v2\/users\/8"}],"replies":[{"embeddable":true,"href":"https:\/\/corrientesdetarde.com\/index.php\/wp-json\/wp\/v2\/comments?post=48723"}],"version-history":[{"count":1,"href":"https:\/\/corrientesdetarde.com\/index.php\/wp-json\/wp\/v2\/posts\/48723\/revisions"}],"predecessor-version":[{"id":48726,"href":"https:\/\/corrientesdetarde.com\/index.php\/wp-json\/wp\/v2\/posts\/48723\/revisions\/48726"}],"wp:featuredmedia":[{"embeddable":true,"href":"https:\/\/corrientesdetarde.com\/index.php\/wp-json\/wp\/v2\/media\/48725"}],"wp:attachment":[{"href":"https:\/\/corrientesdetarde.com\/index.php\/wp-json\/wp\/v2\/media?parent=48723"}],"wp:term":[{"taxonomy":"category","embeddable":true,"href":"https:\/\/corrientesdetarde.com\/index.php\/wp-json\/wp\/v2\/categories?post=48723"},{"taxonomy":"post_tag","embeddable":true,"href":"https:\/\/corrientesdetarde.com\/index.php\/wp-json\/wp\/v2\/tags?post=48723"}],"curies":[{"name":"wp","href":"https:\/\/api.w.org\/{rel}","templated":true}]}}