{"id":48733,"date":"2023-03-21T16:57:55","date_gmt":"2023-03-21T19:57:55","guid":{"rendered":"https:\/\/corrientesdetarde.com\/?p=48733"},"modified":"2023-03-21T16:57:59","modified_gmt":"2023-03-21T19:57:59","slug":"ecovamos-corrientes-puso-primera-2023-vamos-para-adelante","status":"publish","type":"post","link":"https:\/\/corrientesdetarde.com\/index.php\/politica\/ecovamos-corrientes-puso-primera-2023-vamos-para-adelante\/","title":{"rendered":"ECO+Vamos Corrientes puso primera: &#8220;2023, vamos para adelante&#8221;"},"content":{"rendered":"\n<p>Con claro liderazgo del gobernador Gustavo Vald\u00e9s, ECO+Vamos Corrientes concret\u00f3 este martes la reuni\u00f3n organizativa para los dirigentes de la capital provincial. All\u00ed estuvieron representantes de todos los partidos que integran la alianza gobernante, donde el Mandatario les pidi\u00f3 ponerse &#8220;el overol&#8221; electoral para este 11 de junio y &#8220;dejar de lado&nbsp;los egos&#8221;, aclarando que el objetivo de los comicios locales es el primer paso para la meta de este a\u00f1o: cambiar el Gobierno nacional que &#8220;pone palos en las ruedas&#8221; a una ciudad y una provincia que &#8220;quieren seguir avanzando hacia el futuro&#8221;. Y la estampa que sintetiza ello se vio en la ocasi\u00f3n: &#8220;2023, vamos para adelante&#8221;.<\/p>\n\n\n\n<p>Cerca del mediod\u00eda&nbsp;de este martes, el sal\u00f3n &#8220;Lapacho&#8221; del club rojinegro, ubicado en la esquina de Salta y Moreno en la ciudad de Corrientes, se colm\u00f3 de dirigentes de ECO+Vamos Corrientes. En la oportunidad hablaron los principales referentes de cada partido, como Pedro Braillard Poccard, Pedro Cassani, Eduardo Tassano y Ricardo Colombi, entre otros. El cierre de los discursos qued\u00f3 a cargo de Vald\u00e9s, quien enfatiz\u00f3 en la necesidad de que la dirigencia ponga en marcha la maquinaria electoral del oficialismo, organiz\u00e1ndose en el territorio con estrecho v\u00ednculo social.<\/p>\n\n\n\n<p>A espaldas de los oradores en el sal\u00f3n de eventos &#8220;Lapacho&#8221;, en la ocasi\u00f3n brill\u00f3, colorido con luces led de una gran pantalla, la leyenda &#8220;2023, vamos para adelante&#8221;, el slogan de campa\u00f1a para este a\u00f1o, el cual ser\u00e1 oficialmente estrenado en pocas horas.<\/p>\n\n\n\n<p>&#8220;En San Luis del Palmar vamos a hacer el primer acto provincial como acto de ECO+Vamos Corrientes en esta campa\u00f1a electoral para el 11 de junio&#8221;, anunci\u00f3 el Gobernador al comenzar su alocuci\u00f3n ante la dirigencia presente. Fue m\u00e1s que una invitaci\u00f3n para el encuentro programado para las 20 de esta jornada en el Estadio Municipal &#8220;Mboya Soto&#8221;.&nbsp;<\/p>\n\n\n\n<p>Luego plante\u00f3 que &#8220;para convencer tenemos que organizarnos, cada partido tiene que convocar a su estructura, por eso hacemos est\u00e1 reuni\u00f3n&#8221;. Seguidamente, marc\u00f3 la actitud que la dirigencia debe adoptar para lograr el cometido: &#8220;Hay que dejar de lado&nbsp;los egos y anteponer el objetivo de seguir mejorando la ciudad de Corrientes&#8221;.<\/p>\n\n\n\n<p>&#8220;Logramos que Tassano sea reelecto con casi el 80 por ciento de los votos. Hay que trabajar con las organizaciones barriales y la organizaci\u00f3n de los partidos pol\u00edticos es lo que mantiene fuerte al Gobierno&#8221;, sostuvo.&nbsp; Y defini\u00f3 la meta de este primer turno electoral: &#8220;Tenemos que mejorar el n\u00famero de nuestros concejales para darle gobernabilidad a la Capital y seguir d\u00e1ndole dignidad a los vecinos. No tenemos que retroceder ni un paso, sobre todo porque luego viene una elecci\u00f3n m\u00e1s importante&#8221;.<\/p>\n\n\n\n<p>En este marco, marc\u00f3 la necesidad de &#8220;generar esperanza con propuestas, porque miles y miles esperan eso de nosotros, para luego empezar a hablar de lo nacional, de las cosas que tenemos que cambiar en la Argentina, porque es dif\u00edcil gobernar una provincia con un Gobierno nacional que nos pone palos en las rueda&#8221;.<\/p>\n\n\n\n<p>En este sentido, Vald\u00e9s se mostr\u00f3 optimista, al asegurar que &#8220;la gente cree en nosotros porque lo que le dijimos, cumplimos: una ciudad Capital mejor&#8221;. No obstante, insisti\u00f3: &#8220;Pero necesitamos que los dirigentes se organicen para poder transmitir nuestro mensaje, porque la gente nos quiere ver en los barrios movilizados. Quiero que en estas elecciones volvamos a tener la misma sed de gloria que tuvimos hace dos a\u00f1os cuando obtuvimos un 77 por ciento de los votos. Y no s\u00f3lo hablemos con nuestros vecinos, vayamos a las organizaciones intermedias para aportar respuestas a las necesidades de la comunidad&#8221;.&nbsp;<\/p>\n\n\n\n<p>&#8220;Tenemos que ser la fuerza pol\u00edtica que canaliza las soluciones&#8221;, porque &#8220;seguimos siendo la esperanza de una ciudad y una provincia que quiere seguir avanzando hacia el futuro&#8221;, afirm\u00f3 Vald\u00e9s, pidiendo en este sentido el mayor de los esfuerzos y cerr\u00f3 su discurso, emplazando inmediato trabajo militante, con una arenga: &#8220;A ponerse el overol&#8221;.<\/p>\n\n\n\n<p><strong>Pedro Braillard Poccard<\/strong>, vicegobernador (PP): &#8220;La paz social que logr\u00f3 esta alianza permiti\u00f3 que el hombre y la mujer de Corrientes tengan la esperanza de un futuro promisorio y es eso lo que la oposici\u00f3n provincial trata de quebrar: esta tranquilidad que nos permite hablar del futuro y trabajar para que volvamos a ser esa gran provincia que fuimos en el siglo XIX. Por eso el 11 de junio necesitamos un gran triunfo&#8221;.<\/p>\n\n\n\n<p><strong>Pedro Cassani<\/strong>, presidente de la C\u00e1mara de Diputados (ELI): &#8220;Cada campa\u00f1a es una nueva oportunidad de contar lo que venimos haciendo hace m\u00e1s de 20 a\u00f1os, resolviendo problemas estructurales que ten\u00eda Corrientes. Y en Capital tenemos que contar lo que Eduardo (Tassano) y Emilio (Lanari) vienen haciendo hace casi 6 a\u00f1os, en cada barrio; todo lo que pudo resolver el Municipio junto a la Provincia. Tenemos que sentarnos junto al vecino a hablarle. Pero, tambi\u00e9n decirle qu\u00e9 hay que hacer para sacarnos de encima este Gobierno nacional. Vamos a reventar las urnas el 11 de junio que nos van a posicionar para los compromisos electorales que siguen&#8221;.<\/p>\n\n\n\n<p><strong>Ricardo Colombi<\/strong>, senador provincial y presidente de la UCR provincial: &#8220;El 11 de junio a trabajar y que sea el trampol\u00edn para cambiar el Gobierno nacional que es lo que est\u00e1 esperando la gran mayor\u00eda del pa\u00eds&#8221;.&nbsp;&nbsp;<\/p>\n\n\n\n<p><strong>Eduardo Tassano<\/strong>, intendente de Capital: &#8220;Se hizo una gesti\u00f3n en equipo entre funcionarios municipales y provinciales con mucho para exhibir de lo que hicimos juntos, por eso tenemos que enfatizar los logros en conjunto&#8221;.<\/p>\n\n\n\n<p><strong>Claudio Polich<\/strong>, ministro de Obras P\u00fablicas y presidente del Comit\u00e9 Capital UCR: &#8220;En la faz organizativa vamos a tener reuniones de este tipo en las distintas secciones electorales. Proponemos en cada reuni\u00f3n que vayamos los partidos de la alianza para dinamizar la identificaci\u00f3n de lo que cada uno tiene que hacer. Este a\u00f1o posiblemente habr\u00e1 cuatro elecciones, por eso tenemos que diagramar las tareas y mantener la cercan\u00eda con los actores sociales de la comunidad&#8221;.<\/p>\n\n\n\n<p><strong>Emilio Lanari<\/strong>, viceintendente y&nbsp; presidente capitalino de ELI: &#8220;No tenemos que quedarnos dormidos, ahora hay que lograr el Voto Joven, un capital important\u00edsimo para el nuevo desaf\u00edo de estas elecciones. Lo importante es mantenernos juntos y seguir trabajando. No s\u00f3lo hay que cambiar la realidad de todos los correntinos, sino la de un pa\u00eds entero&#8221;.&nbsp;&nbsp;<\/p>\n\n\n\n<p><strong>Augusto Costaguta<\/strong>&nbsp;(PRO): &#8220;Tenemos que repetir las elecciones de hace dos a\u00f1os y sacar la mayor cantidad de votos para que Corrientes no sea discriminada y logre los fondos que necesitamos para desarrollar la provincia&#8221;.<\/p>\n\n\n\n<p><strong>Yamand\u00fa Barrios<\/strong>&nbsp;(Uni\u00f3n Popular): &#8220;ECO+ Vamos Corrientes es un tremendo ej\u00e9rcito de militantes y nosotros tenemos una ventaja sobre el kirchnerismo: cuando llegamos al Gobierno, sabemos gobernar. Los que venimos de extracci\u00f3n peronista tenemos una doble obligaci\u00f3n: hacernos visibles y que los compa\u00f1eros que est\u00e1n afuera sepan que somos peronistas. Los peronistas de ECO somos lo que tenemos la capacidad de levantar el techo de esta alianza y que el 77 % de Vald\u00e9s sea ahora un 80 %&#8221;.&nbsp;&nbsp;<\/p>\n\n\n\n<p><strong>\u00c1lvaro Delfino<\/strong>&nbsp;(MID): &#8220;Hay que seguir trabajando la integraci\u00f3n para el desarrollo y as\u00ed seguir mejorando la calidad de vida de las personas, eso es lo que estamos haciendo en equipo con ECO&#8221;.<\/p>\n\n\n\n<p><strong>Jorge Campos<\/strong>&nbsp;(PL):&nbsp;&#8220;El Partido Liberal ratifica su compromiso y sentido de pertenencia, para continuar y profundizar este modelo de gesti\u00f3n basado en el desarrollo, por eso vamos a trabajar en cada uno de los barrios para trasladar ese modelo a las urnas&#8221;.&nbsp;&nbsp;<\/p>\n\n\n\n<p><strong>Juane Braillard Poccard<\/strong>\u00a0(PP): &#8220;Vamos a trabajar fuerte para que sea este un gran triunfo, tenemos como herramienta la gran gesti\u00f3n en conjunto del Municipio con la Provincia. Salgamos a buscar los votos de esa gran cantidad de gente desilusionada con el Gobierno nacional&#8221;.\u00a0\u00a0<\/p>\n\n\n\n<figure class=\"wp-block-image size-large\"><img loading=\"lazy\" decoding=\"async\" width=\"1024\" height=\"682\" src=\"https:\/\/corrientesdetarde.com\/wp-content\/uploads\/2023\/03\/IMG-20230321-WA0012-1024x682.jpg\" alt=\"\" class=\"wp-image-48734\" srcset=\"https:\/\/corrientesdetarde.com\/wp-content\/uploads\/2023\/03\/IMG-20230321-WA0012-1024x682.jpg 1024w, https:\/\/corrientesdetarde.com\/wp-content\/uploads\/2023\/03\/IMG-20230321-WA0012-300x200.jpg 300w, https:\/\/corrientesdetarde.com\/wp-content\/uploads\/2023\/03\/IMG-20230321-WA0012-768x512.jpg 768w, https:\/\/corrientesdetarde.com\/wp-content\/uploads\/2023\/03\/IMG-20230321-WA0012-272x182.jpg 272w, https:\/\/corrientesdetarde.com\/wp-content\/uploads\/2023\/03\/IMG-20230321-WA0012.jpg 1280w\" sizes=\"auto, (max-width: 1024px) 100vw, 1024px\" \/><\/figure>\n\n\n\n<figure class=\"wp-block-image size-large\"><img loading=\"lazy\" decoding=\"async\" width=\"1024\" height=\"682\" src=\"https:\/\/corrientesdetarde.com\/wp-content\/uploads\/2023\/03\/IMG-20230321-WA0014-1024x682.jpg\" alt=\"\" class=\"wp-image-48735\" srcset=\"https:\/\/corrientesdetarde.com\/wp-content\/uploads\/2023\/03\/IMG-20230321-WA0014-1024x682.jpg 1024w, https:\/\/corrientesdetarde.com\/wp-content\/uploads\/2023\/03\/IMG-20230321-WA0014-300x200.jpg 300w, https:\/\/corrientesdetarde.com\/wp-content\/uploads\/2023\/03\/IMG-20230321-WA0014-768x512.jpg 768w, https:\/\/corrientesdetarde.com\/wp-content\/uploads\/2023\/03\/IMG-20230321-WA0014-272x182.jpg 272w, https:\/\/corrientesdetarde.com\/wp-content\/uploads\/2023\/03\/IMG-20230321-WA0014.jpg 1280w\" sizes=\"auto, (max-width: 1024px) 100vw, 1024px\" \/><\/figure>\n\n\n\n<figure class=\"wp-block-image size-large\"><img loading=\"lazy\" decoding=\"async\" width=\"1024\" height=\"682\" src=\"https:\/\/corrientesdetarde.com\/wp-content\/uploads\/2023\/03\/IMG-20230321-WA0011-1024x682.jpg\" alt=\"\" class=\"wp-image-48738\" srcset=\"https:\/\/corrientesdetarde.com\/wp-content\/uploads\/2023\/03\/IMG-20230321-WA0011-1024x682.jpg 1024w, https:\/\/corrientesdetarde.com\/wp-content\/uploads\/2023\/03\/IMG-20230321-WA0011-300x200.jpg 300w, https:\/\/corrientesdetarde.com\/wp-content\/uploads\/2023\/03\/IMG-20230321-WA0011-768x512.jpg 768w, https:\/\/corrientesdetarde.com\/wp-content\/uploads\/2023\/03\/IMG-20230321-WA0011-272x182.jpg 272w, https:\/\/corrientesdetarde.com\/wp-content\/uploads\/2023\/03\/IMG-20230321-WA0011.jpg 1280w\" sizes=\"auto, (max-width: 1024px) 100vw, 1024px\" \/><\/figure>\n\n\n\n<figure class=\"wp-block-image size-large\"><img loading=\"lazy\" decoding=\"async\" width=\"1024\" height=\"682\" src=\"https:\/\/corrientesdetarde.com\/wp-content\/uploads\/2023\/03\/IMG-20230321-WA0015-1024x682.jpg\" alt=\"\" class=\"wp-image-48737\" srcset=\"https:\/\/corrientesdetarde.com\/wp-content\/uploads\/2023\/03\/IMG-20230321-WA0015-1024x682.jpg 1024w, https:\/\/corrientesdetarde.com\/wp-content\/uploads\/2023\/03\/IMG-20230321-WA0015-300x200.jpg 300w, https:\/\/corrientesdetarde.com\/wp-content\/uploads\/2023\/03\/IMG-20230321-WA0015-768x512.jpg 768w, https:\/\/corrientesdetarde.com\/wp-content\/uploads\/2023\/03\/IMG-20230321-WA0015-272x182.jpg 272w, https:\/\/corrientesdetarde.com\/wp-content\/uploads\/2023\/03\/IMG-20230321-WA0015.jpg 1280w\" sizes=\"auto, (max-width: 1024px) 100vw, 1024px\" \/><\/figure>\n\n\n\n<figure class=\"wp-block-image size-large\"><img loading=\"lazy\" decoding=\"async\" width=\"1024\" height=\"682\" src=\"https:\/\/corrientesdetarde.com\/wp-content\/uploads\/2023\/03\/IMG-20230321-WA0013-1024x682.jpg\" alt=\"\" class=\"wp-image-48736\" srcset=\"https:\/\/corrientesdetarde.com\/wp-content\/uploads\/2023\/03\/IMG-20230321-WA0013-1024x682.jpg 1024w, https:\/\/corrientesdetarde.com\/wp-content\/uploads\/2023\/03\/IMG-20230321-WA0013-300x200.jpg 300w, https:\/\/corrientesdetarde.com\/wp-content\/uploads\/2023\/03\/IMG-20230321-WA0013-768x512.jpg 768w, https:\/\/corrientesdetarde.com\/wp-content\/uploads\/2023\/03\/IMG-20230321-WA0013-272x182.jpg 272w, https:\/\/corrientesdetarde.com\/wp-content\/uploads\/2023\/03\/IMG-20230321-WA0013.jpg 1280w\" sizes=\"auto, (max-width: 1024px) 100vw, 1024px\" \/><\/figure>\n","protected":false},"excerpt":{"rendered":"<p>Con claro liderazgo del gobernador Gustavo Vald\u00e9s, ECO+Vamos Corrientes concret\u00f3 este martes la reuni\u00f3n organizativa para los dirigentes de la capital provincial. All\u00ed estuvieron representantes de todos los partidos que&hellip; <\/p>\n","protected":false},"author":8,"featured_media":48739,"comment_status":"closed","ping_status":"open","sticky":false,"template":"","format":"standard","meta":{"footnotes":""},"categories":[3],"tags":[],"class_list":["post-48733","post","type-post","status-publish","format-standard","has-post-thumbnail","hentry","category-politica"],"_links":{"self":[{"href":"https:\/\/corrientesdetarde.com\/index.php\/wp-json\/wp\/v2\/posts\/48733","targetHints":{"allow":["GET"]}}],"collection":[{"href":"https:\/\/corrientesdetarde.com\/index.php\/wp-json\/wp\/v2\/posts"}],"about":[{"href":"https:\/\/corrientesdetarde.com\/index.php\/wp-json\/wp\/v2\/types\/post"}],"author":[{"embeddable":true,"href":"https:\/\/corrientesdetarde.com\/index.php\/wp-json\/wp\/v2\/users\/8"}],"replies":[{"embeddable":true,"href":"https:\/\/corrientesdetarde.com\/index.php\/wp-json\/wp\/v2\/comments?post=48733"}],"version-history":[{"count":1,"href":"https:\/\/corrientesdetarde.com\/index.php\/wp-json\/wp\/v2\/posts\/48733\/revisions"}],"predecessor-version":[{"id":48740,"href":"https:\/\/corrientesdetarde.com\/index.php\/wp-json\/wp\/v2\/posts\/48733\/revisions\/48740"}],"wp:featuredmedia":[{"embeddable":true,"href":"https:\/\/corrientesdetarde.com\/index.php\/wp-json\/wp\/v2\/media\/48739"}],"wp:attachment":[{"href":"https:\/\/corrientesdetarde.com\/index.php\/wp-json\/wp\/v2\/media?parent=48733"}],"wp:term":[{"taxonomy":"category","embeddable":true,"href":"https:\/\/corrientesdetarde.com\/index.php\/wp-json\/wp\/v2\/categories?post=48733"},{"taxonomy":"post_tag","embeddable":true,"href":"https:\/\/corrientesdetarde.com\/index.php\/wp-json\/wp\/v2\/tags?post=48733"}],"curies":[{"name":"wp","href":"https:\/\/api.w.org\/{rel}","templated":true}]}}