{"id":48741,"date":"2023-03-21T17:02:17","date_gmt":"2023-03-21T20:02:17","guid":{"rendered":"https:\/\/corrientesdetarde.com\/?p=48741"},"modified":"2023-03-21T17:02:21","modified_gmt":"2023-03-21T20:02:21","slug":"marcelo-corazza-se-nego-a-contestar-preguntas","status":"publish","type":"post","link":"https:\/\/corrientesdetarde.com\/index.php\/espectaculos\/marcelo-corazza-se-nego-a-contestar-preguntas\/","title":{"rendered":"Marcelo Corazza se neg\u00f3 a contestar preguntas"},"content":{"rendered":"\n<p>Marcelo Corazza, ganador de Gran Hermano 2001 y productor de Telefe, afronta la imputaci\u00f3n por explotaci\u00f3n sexual y corrupci\u00f3n de menores.<\/p>\n\n\n\n<p><strong>Marcelo Corazza<\/strong>, el ganador de la primera edici\u00f3n del reality Gran Hermano realizada en 2001, actual productor del mismo programa y quien fue&nbsp;<strong>detenido como sospechoso de integrar una organizaci\u00f3n dedicada a la explotaci\u00f3n sexual y la corrupci\u00f3n de menores, neg\u00f3 la acusaci\u00f3n, pero no quiso contestar preguntas ante el juez y el fiscal de la causa<\/strong>, informaron fuentes judiciales.<\/p>\n\n\n\n<p>Corazza fue el primero de los cuatro detenidos en ser indagado esta ma\u00f1ana por el juez en lo Criminal y Correccional 48, Javier S\u00e1nchez Sarmiento, y el fiscal Patricio Lugones, en los tribunales de la calle Lavalle 1170, tras lo cual permanecer\u00e1 detenido acusado de los delitos de &#8220;asociaci\u00f3n il\u00edcita, trata de personas y corrupci\u00f3n de menores&#8221;.<\/p>\n\n\n\n<p>&#8220;<strong>Hizo una breve exposici\u00f3n donde neg\u00f3 el hecho que se le imputa y luego se neg\u00f3 a continuar con la declaraci\u00f3n y a contestar preguntas del juez y el fiscal<\/strong>&#8220;, dijo a T\u00e9lam una fuente judicial vinculada al expediente.<\/p>\n\n\n\n<figure class=\"wp-block-image\"><img decoding=\"async\" src=\"https:\/\/media.minutouno.com\/p\/02f8b365049a937e0838aeb07fbb6b16\/adjuntos\/150\/imagenes\/040\/580\/0040580174\/corazza-trasladojpg.jpg?2023-03-21-09-56-45\" alt=\"\"\/><\/figure>\n\n\n\n<p>La misma fuente inform\u00f3 que el siguiente imputado en ser indagado esta ma\u00f1ana fue Andr\u00e9s Fernando Charpenet, quien se neg\u00f3 a declarar. En tanto, los otros dos acusados, el misionero Francisco Rolando Angelotti -sindicado l\u00edder de la organizaci\u00f3n-, y Ra\u00fal Ignacio Mermet, ser\u00e1n indagados ma\u00f1ana.<\/p>\n\n\n\n<p>Ya esta ma\u00f1ana, pasadas las 7.20, cuando lo bajaron esposado del cami\u00f3n de traslado y antes de ser ingresado al edificio de la calle Lavalle,&nbsp;<strong>Corazza alcanz\u00f3 a decirle a la prensa que era &#8220;inocente&#8221;<\/strong>.<\/p>\n\n\n\n<p>Las cuatro detenciones fueron realizadas ayer por efectivos de la Divisi\u00f3n Trata de Personas, de la Superintendencia de Investigaciones de la Polic\u00eda de la Ciudad luego de seis allanamientos realizados en la ciudad misionera de Ober\u00e1 y en las localidades bonaerenses de General Pacheco, Tigre y General Rodr\u00edguez.<\/p>\n\n\n\n<p>Si bien por el momento se ordenaron solo cuatro detenciones, la investigaci\u00f3n judicial contin\u00faa, ya que los investigadores est\u00e1n convencidos que la organizaci\u00f3n est\u00e1 integrada por m\u00e1s involucrados a\u00fan no individualizados.<\/p>\n\n\n\n<figure class=\"wp-block-image\"><a href=\"https:\/\/twitter.com\/m1espectaculos\" target=\"_blank\" rel=\"noreferrer noopener\"><img decoding=\"async\" src=\"https:\/\/www.minutouno.com\/css-custom\/150\/lazy.svg\" alt=\"\"\/><\/a><\/figure>\n\n\n\n<figure class=\"wp-block-image\"><a href=\"https:\/\/www.dosalcubo.com\/\"><img decoding=\"async\" src=\"https:\/\/www.minutouno.com\/css-custom\/150\/lazy.svg\" alt=\"CMS para medios y diarios digitales\" title=\"CMS para medios y diarios digitales\"\/><\/a><\/figure>\n\n\n\n<figure class=\"wp-block-image\"><img decoding=\"async\" src=\"https:\/\/cdn.jsdelivr.net\/npm\/adzone@2.3\/img\/footer_close_left.png\" alt=\"\"\/><\/figure>\n","protected":false},"excerpt":{"rendered":"<p>Marcelo Corazza, ganador de Gran Hermano 2001 y productor de Telefe, afronta la imputaci\u00f3n por explotaci\u00f3n sexual y corrupci\u00f3n de menores. Marcelo Corazza, el ganador de la primera edici\u00f3n del&hellip; <\/p>\n","protected":false},"author":8,"featured_media":48742,"comment_status":"closed","ping_status":"open","sticky":false,"template":"","format":"standard","meta":{"footnotes":""},"categories":[19],"tags":[],"class_list":["post-48741","post","type-post","status-publish","format-standard","has-post-thumbnail","hentry","category-espectaculos"],"_links":{"self":[{"href":"https:\/\/corrientesdetarde.com\/index.php\/wp-json\/wp\/v2\/posts\/48741","targetHints":{"allow":["GET"]}}],"collection":[{"href":"https:\/\/corrientesdetarde.com\/index.php\/wp-json\/wp\/v2\/posts"}],"about":[{"href":"https:\/\/corrientesdetarde.com\/index.php\/wp-json\/wp\/v2\/types\/post"}],"author":[{"embeddable":true,"href":"https:\/\/corrientesdetarde.com\/index.php\/wp-json\/wp\/v2\/users\/8"}],"replies":[{"embeddable":true,"href":"https:\/\/corrientesdetarde.com\/index.php\/wp-json\/wp\/v2\/comments?post=48741"}],"version-history":[{"count":1,"href":"https:\/\/corrientesdetarde.com\/index.php\/wp-json\/wp\/v2\/posts\/48741\/revisions"}],"predecessor-version":[{"id":48743,"href":"https:\/\/corrientesdetarde.com\/index.php\/wp-json\/wp\/v2\/posts\/48741\/revisions\/48743"}],"wp:featuredmedia":[{"embeddable":true,"href":"https:\/\/corrientesdetarde.com\/index.php\/wp-json\/wp\/v2\/media\/48742"}],"wp:attachment":[{"href":"https:\/\/corrientesdetarde.com\/index.php\/wp-json\/wp\/v2\/media?parent=48741"}],"wp:term":[{"taxonomy":"category","embeddable":true,"href":"https:\/\/corrientesdetarde.com\/index.php\/wp-json\/wp\/v2\/categories?post=48741"},{"taxonomy":"post_tag","embeddable":true,"href":"https:\/\/corrientesdetarde.com\/index.php\/wp-json\/wp\/v2\/tags?post=48741"}],"curies":[{"name":"wp","href":"https:\/\/api.w.org\/{rel}","templated":true}]}}