{"id":48753,"date":"2023-03-21T18:07:01","date_gmt":"2023-03-21T21:07:01","guid":{"rendered":"https:\/\/corrientesdetarde.com\/?p=48753"},"modified":"2023-03-21T18:07:04","modified_gmt":"2023-03-21T21:07:04","slug":"martin-palermo-estara-en-el-partido-de-leyendas-del-villarreal-jugara-otra-vez-con-juan-roman-riquelme","status":"publish","type":"post","link":"https:\/\/corrientesdetarde.com\/index.php\/deportes\/martin-palermo-estara-en-el-partido-de-leyendas-del-villarreal-jugara-otra-vez-con-juan-roman-riquelme\/","title":{"rendered":"Mart\u00edn Palermo estar\u00e1 en el partido de Leyendas del Villarreal: jugar\u00e1 otra vez con Juan Rom\u00e1n Riquelme"},"content":{"rendered":"\n<p>Los exjugadores del Submarino Amarillo concurrir\u00e1n a la celebraci\u00f3n que realizar\u00e1 el club el 25 de marzo.<\/p>\n\n\n\n<p>El Villarreal ultima detalles para el partido de las leyendas con el cual celebrar\u00e1 los 100 a\u00f1os del club. El evento contar\u00e1 con dos argentinos de renombre:\u00a0Juan Rom\u00e1n Riquelme hab\u00eda confirmado su presencia hace algunas semanas, mientras que Mart\u00edn Palermo lo hizo este martes a trav\u00e9s de un video que se difundi\u00f3 por las redes del club.<\/p>\n\n\n\n<p>\u201cEstoy muy contento de participar el pr\u00f3ximo s\u00e1bado 25 de marzo en el partido de las leyendas para festejar el centenario del club. Nos vemos pronto\u201d, expres\u00f3 el Tit\u00e1n, actual entrenador de Platense, quien viajar\u00e1 en los pr\u00f3ximos d\u00edas para estar en el encuentro.<\/p>\n\n\n\n<p>El club anunci\u00f3 que el 25 de marzo habr\u00e1 un partido que disputar\u00e1n las<strong>&nbsp;leyendas del equipo amarillo y glorias de la selecci\u00f3n espa\u00f1ola&nbsp;<\/strong>en el marco de los actos del centenario del Villarreal. Ya hay varios jugadores confirmados para el evento y el club comparti\u00f3 los videos de cada uno de ellos.<\/p>\n\n\n\n<h2 class=\"wp-block-heading\">El video que comparti\u00f3 el Villarreal de Mart\u00edn Palermo<\/h2>\n\n\n\n<p>El club comparti\u00f3 en sus redes sociales un video en el que el jugador argentino confirmaba su presencia en el partido de las leyendas este martes. Junto a este, el Villarreal comparti\u00f3 un di\u00e1logo para presentarlo:<\/p>\n\n\n\n<p><em>\u201c-\u00bfQu\u00e9 otra estrella podr\u00edamos traer al Partido de las Leyendas?<\/em><\/p>\n\n\n\n<p><em>-D\u00e9jame pensar&#8230; \u00bfCapital de Sicilia?\u201d.<\/em><\/p>\n\n\n\n<h2 class=\"wp-block-heading\">\u00bfCu\u00e1ndo jug\u00f3 Mart\u00edn Palermo en el Villarreal?<\/h2>\n\n\n\n<p>El Tit\u00e1n no tuvo un paso muy emblem\u00e1tico por la instituci\u00f3n, pero dej\u00f3 un buen recuerdo entre los hinchas.&nbsp;<strong>Palermo lleg\u00f3 al club en el 2001 luego de convertirte el recordado doblete al Real Madrid por la Intercontinental.<\/strong><\/p>\n\n\n\n<p>En el primer semestre logr\u00f3 marcar seis goles en 17 partidos. Cuando su carrera en el equipo espa\u00f1ol se acomodaba, marcando tres tantos en cinco partidos, una tribuna se le cay\u00f3 encima de la pierna y sufri\u00f3 la fractura de la tibia y el peron\u00e9. Luego de ese suceso, el jugador se recuper\u00f3, pero no volvi\u00f3 a estar a la altura de lo que el club ped\u00eda.<\/p>\n\n\n\n<h2 class=\"wp-block-heading\">\u00bfCu\u00e1ndo fue la \u00faltima vez que Palermo y Riquelme jugaron juntos?<\/h2>\n\n\n\n<p>La \u00faltima vez que el Tit\u00e1n y Rom\u00e1n estuvieron juntos en una cancha fue luego del retiro de ambos del f\u00fatbol profesional. Como no pod\u00eda ser de otra forma, los \u00eddolos de Boca volvieron a la Bombonera en el encuentro homenaje a&nbsp;<strong>Sebasti\u00e1n Battaglia<\/strong>&nbsp;en 2015.<\/p>\n\n\n\n<p>A la espera de lo que ser\u00e1 el partido despedida de Riquelme en el mismo escenario, los hinchas del&nbsp;<em>Submarino Amarillo&nbsp;<\/em>se dar\u00e1n el gusto de verlos juntos otra vez el 25 de marzo en el estadio de la Cer\u00e1mica.<\/p>\n\n\n\n<h2 class=\"wp-block-heading\">El video que comparti\u00f3 el Villarreal de Juan Rom\u00e1n Riquelme<\/h2>\n\n\n\n<p>Riquelme ya hab\u00eda confirmado su participaci\u00f3n en el partido en 7 de marzo. El club public\u00f3 un video con algunas de las mejores jugadas y goles del argentino durante su etapa en el Villarreal. Al final del mismo, Rom\u00e1n, aparece&nbsp;<strong>agradeciendo la invitaci\u00f3n<\/strong>&nbsp;para participar en el partido.<\/p>\n","protected":false},"excerpt":{"rendered":"<p>Los exjugadores del Submarino Amarillo concurrir\u00e1n a la celebraci\u00f3n que realizar\u00e1 el club el 25 de marzo. El Villarreal ultima detalles para el partido de las leyendas con el cual&hellip; <\/p>\n","protected":false},"author":8,"featured_media":48756,"comment_status":"closed","ping_status":"open","sticky":false,"template":"","format":"standard","meta":{"footnotes":""},"categories":[4],"tags":[],"class_list":["post-48753","post","type-post","status-publish","format-standard","has-post-thumbnail","hentry","category-deportes"],"_links":{"self":[{"href":"https:\/\/corrientesdetarde.com\/index.php\/wp-json\/wp\/v2\/posts\/48753","targetHints":{"allow":["GET"]}}],"collection":[{"href":"https:\/\/corrientesdetarde.com\/index.php\/wp-json\/wp\/v2\/posts"}],"about":[{"href":"https:\/\/corrientesdetarde.com\/index.php\/wp-json\/wp\/v2\/types\/post"}],"author":[{"embeddable":true,"href":"https:\/\/corrientesdetarde.com\/index.php\/wp-json\/wp\/v2\/users\/8"}],"replies":[{"embeddable":true,"href":"https:\/\/corrientesdetarde.com\/index.php\/wp-json\/wp\/v2\/comments?post=48753"}],"version-history":[{"count":1,"href":"https:\/\/corrientesdetarde.com\/index.php\/wp-json\/wp\/v2\/posts\/48753\/revisions"}],"predecessor-version":[{"id":48757,"href":"https:\/\/corrientesdetarde.com\/index.php\/wp-json\/wp\/v2\/posts\/48753\/revisions\/48757"}],"wp:featuredmedia":[{"embeddable":true,"href":"https:\/\/corrientesdetarde.com\/index.php\/wp-json\/wp\/v2\/media\/48756"}],"wp:attachment":[{"href":"https:\/\/corrientesdetarde.com\/index.php\/wp-json\/wp\/v2\/media?parent=48753"}],"wp:term":[{"taxonomy":"category","embeddable":true,"href":"https:\/\/corrientesdetarde.com\/index.php\/wp-json\/wp\/v2\/categories?post=48753"},{"taxonomy":"post_tag","embeddable":true,"href":"https:\/\/corrientesdetarde.com\/index.php\/wp-json\/wp\/v2\/tags?post=48753"}],"curies":[{"name":"wp","href":"https:\/\/api.w.org\/{rel}","templated":true}]}}