{"id":48755,"date":"2023-03-21T18:09:47","date_gmt":"2023-03-21T21:09:47","guid":{"rendered":"https:\/\/corrientesdetarde.com\/?p=48755"},"modified":"2023-03-21T18:09:52","modified_gmt":"2023-03-21T21:09:52","slug":"a-la-interna-entre-fernandez-y-cfk-se-suma-massa-en-medio-de-otra-suba-del-dolar","status":"publish","type":"post","link":"https:\/\/corrientesdetarde.com\/index.php\/economia\/a-la-interna-entre-fernandez-y-cfk-se-suma-massa-en-medio-de-otra-suba-del-dolar\/","title":{"rendered":"A LA INTERNA ENTRE FERN\u00c1NDEZ Y CFK SE SUMA MASSA EN MEDIO DE OTRA SUBA DEL D\u00d3LAR"},"content":{"rendered":"\n<p>JUAN PABLO PERALTA (Casa de Gobierno)- El presidente Alberto Fern\u00e1ndez mantiene una agenda que para el Kirchnerismo sigue siendo proselitista. Este martes comenz\u00f3 con una reuni\u00f3n junto a integrantes del Grupo de Puebla.<\/p>\n\n\n\n<figure class=\"wp-block-embed is-type-video is-provider-youtube wp-block-embed-youtube wp-embed-aspect-16-9 wp-has-aspect-ratio\"><div class=\"wp-block-embed__wrapper\">\n<iframe loading=\"lazy\" title=\"A LA INTERNA ENTRE FERN\u00c1NDEZ Y CFK SE SUMA MASSA EN MEDIO DE OTRA SUBA DEL D\u00d3LAR\" width=\"1110\" height=\"624\" src=\"https:\/\/www.youtube.com\/embed\/7oNkSYZ4HGc?feature=oembed\" frameborder=\"0\" allow=\"accelerometer; autoplay; clipboard-write; encrypted-media; gyroscope; picture-in-picture; web-share\" allowfullscreen><\/iframe>\n<\/div><\/figure>\n\n\n\n<p>Fern\u00e1ndez oficializ\u00f3 el reingreso de Argentina a la Unasur y viaja a la provincia del Chaco para hacer un par de inauguraciones en el momento en que su vicepresidenta, Cristina Kirchner, exponga en la Cumbre Internacional de Derechos Humanos 2023, que se desarrolla en el CCK, y en la que el jefe de Estado habl\u00f3 ayer. Todo esto ocurre mientras se suma a la discusi\u00f3n interna en el Frente de Todos, el ministro de Econom\u00eda, Sergio Massa, quien responde a trav\u00e9s de offs a cuestionamientos que salen de esta Casa Rosada. Este enfrentamiento se potencia debido a que el d\u00f3lar volvi\u00f3 a escalar en este segundo d\u00eda de la semana, acelerando otro n\u00famero negativo de inflaci\u00f3n para el corriente mes de marzo, que puede alcanzar un promedio del 7 por ciento. Es decir, por encima de lo que fue febrero, con 6,6%.<\/p>\n","protected":false},"excerpt":{"rendered":"<p>JUAN PABLO PERALTA (Casa de Gobierno)- El presidente Alberto Fern\u00e1ndez mantiene una agenda que para el Kirchnerismo sigue siendo proselitista. Este martes comenz\u00f3 con una reuni\u00f3n junto a integrantes del&hellip; <\/p>\n","protected":false},"author":11,"featured_media":48758,"comment_status":"closed","ping_status":"open","sticky":false,"template":"","format":"standard","meta":{"footnotes":""},"categories":[20],"tags":[98,134,133],"class_list":["post-48755","post","type-post","status-publish","format-standard","has-post-thumbnail","hentry","category-economia","tag-fernandez","tag-mendoza","tag-unasur"],"_links":{"self":[{"href":"https:\/\/corrientesdetarde.com\/index.php\/wp-json\/wp\/v2\/posts\/48755","targetHints":{"allow":["GET"]}}],"collection":[{"href":"https:\/\/corrientesdetarde.com\/index.php\/wp-json\/wp\/v2\/posts"}],"about":[{"href":"https:\/\/corrientesdetarde.com\/index.php\/wp-json\/wp\/v2\/types\/post"}],"author":[{"embeddable":true,"href":"https:\/\/corrientesdetarde.com\/index.php\/wp-json\/wp\/v2\/users\/11"}],"replies":[{"embeddable":true,"href":"https:\/\/corrientesdetarde.com\/index.php\/wp-json\/wp\/v2\/comments?post=48755"}],"version-history":[{"count":1,"href":"https:\/\/corrientesdetarde.com\/index.php\/wp-json\/wp\/v2\/posts\/48755\/revisions"}],"predecessor-version":[{"id":48761,"href":"https:\/\/corrientesdetarde.com\/index.php\/wp-json\/wp\/v2\/posts\/48755\/revisions\/48761"}],"wp:featuredmedia":[{"embeddable":true,"href":"https:\/\/corrientesdetarde.com\/index.php\/wp-json\/wp\/v2\/media\/48758"}],"wp:attachment":[{"href":"https:\/\/corrientesdetarde.com\/index.php\/wp-json\/wp\/v2\/media?parent=48755"}],"wp:term":[{"taxonomy":"category","embeddable":true,"href":"https:\/\/corrientesdetarde.com\/index.php\/wp-json\/wp\/v2\/categories?post=48755"},{"taxonomy":"post_tag","embeddable":true,"href":"https:\/\/corrientesdetarde.com\/index.php\/wp-json\/wp\/v2\/tags?post=48755"}],"curies":[{"name":"wp","href":"https:\/\/api.w.org\/{rel}","templated":true}]}}