{"id":49097,"date":"2023-03-23T07:57:31","date_gmt":"2023-03-23T10:57:31","guid":{"rendered":"https:\/\/corrientesdetarde.com\/?p=49097"},"modified":"2023-03-23T07:57:37","modified_gmt":"2023-03-23T10:57:37","slug":"mauricio-macri-sigue-levantando-su-perfil-como-si-fuera-un-presidenciable-y-mete-una-cuna-en-la-interna-liberal","status":"publish","type":"post","link":"https:\/\/corrientesdetarde.com\/index.php\/nacionales\/mauricio-macri-sigue-levantando-su-perfil-como-si-fuera-un-presidenciable-y-mete-una-cuna-en-la-interna-liberal\/","title":{"rendered":"<strong>Mauricio Macri sigue levantando su perfil como si fuera un presidenciable y mete una cu\u00f1a en la interna liberal<\/strong>"},"content":{"rendered":"\n<p>Adem\u00e1s de reunirse con los presidenciables del PRO, el ex presidente recibir\u00eda en las pr\u00f3ximas horas a referentes del liberalismo como Jos\u00e9 Luis Espert y Roberto Garc\u00eda Morit\u00e1n. El lunes tendr\u00e1 un papel protag\u00f3nico en la cena anual de la Fundaci\u00f3n Libertad<\/p>\n\n\n\n<p><strong>\u201cLo veo como si estuviera decidido a ser candidato\u201d.&nbsp;<\/strong>Se lo dijo un reconocido dirigente a un amigo luego de una reuni\u00f3n que mantuvo con&nbsp;<strong>Mauricio Macri<\/strong>&nbsp;en su oficina de Olivos. El ex presidente sigue&nbsp;<strong>levantando su perfil&nbsp;<\/strong>como si buscara reforzar su centralidad en todo Juntos por el Cambio: multiplica sus reuniones con referentes de todo el espectro pol\u00edtico, baja l\u00ednea acerca de lo que deber\u00eda hacer el pr\u00f3ximo gobierno y se mueve entre los l\u00edderes del PRO para ayudar a una tregua interna. \u00bfSon los movimientos de alguien que s\u00f3lo&nbsp;<strong>quiere concentrar poder&nbsp;<\/strong>o que&nbsp;<strong>procura volver a la Casa Rosada?<\/strong><\/p>\n\n\n\n<p>Desde que volvi\u00f3 de Europa, hace menos de una semana, estuvo en Rosario con dirigentes como&nbsp;<strong>Federico Angelini, Cristian Ritondo&nbsp;<\/strong>y<strong>&nbsp;Carolina Losada<\/strong>; se reuni\u00f3 con vecinos y comerciantes que fueron v\u00edctimas de los narcos, visit\u00f3 al intendente&nbsp;<strong>Javier Javkin&nbsp;<\/strong>y present\u00f3 su \u00faltimo libro, \u201cPara qu\u00e9\u201d ante unas 1.000 personas. Adem\u00e1s, desayun\u00f3 este mi\u00e9rcoles con&nbsp;<strong>Mar\u00eda Eugenia Vidal,&nbsp;<\/strong>se encontrar\u00e1 el viernes con&nbsp;<strong>Horacio Rodr\u00edguez Larreta<\/strong>&nbsp;y ser\u00eda inminente un contacto con&nbsp;<strong>Patricia Bullrich.<\/strong><\/p>\n\n\n\n<p>Ahora, incluso, profundizar\u00e1 su&nbsp;<strong>acercamiento al liberalismo:<\/strong>&nbsp;tendr\u00eda previsto para este jueves reuniones por separado con el diputado&nbsp;<strong>Jos\u00e9 Luis Espert,&nbsp;<\/strong>de Avanza Libertad, y con el legislador porte\u00f1o&nbsp;<strong>Roberto Garc\u00eda Morit\u00e1n,<\/strong>&nbsp;de Republicanos Unidos, mientras se confirm\u00f3 que el lunes pr\u00f3ximo tendr\u00e1 un&nbsp;<strong>fuerte protagonismo&nbsp;<\/strong>en la cena anual de la&nbsp;<strong>Fundaci\u00f3n Libertad,<\/strong>&nbsp;donde hablar\u00e1 en el panel principal con ex presidentes latinoamericanos como Sebasti\u00e1n Pi\u00f1era, Felipe Calder\u00f3n y Jorge Quiroga.<\/p>\n\n\n\n<p><strong>\u201cOjal\u00e1\u201d,<\/strong>&nbsp;afirman en el entorno del ex mandatario cuando se les pregunta si Macri ser\u00e1 candidato. La mayor\u00eda de sus allegados no lo creen, aunque insisten en que se trata de una&nbsp;<strong>\u201cdecisi\u00f3n personal estrat\u00e9gica\u201d&nbsp;<\/strong>que nadie est\u00e1 en condiciones de anticipar. Hay quienes imaginan que har\u00e1 su gran anuncio en&nbsp;<strong>abril&nbsp;<\/strong>(hasta ahora aseguraban que iba a producirse en marzo) y otros que estiran ese plazo hasta&nbsp;<strong>mayo,&nbsp;<\/strong>poco antes de que venza la inscripci\u00f3n de listas de precandidatos (el 24 de junio).<\/p>\n\n\n\n<p>En el macrismo est\u00e1n convencidos de que, si finalmente se postula, Macri&nbsp;<strong>ganar\u00eda&nbsp;<\/strong>las PASO y las elecciones presidenciales: afirman que es&nbsp;<strong>el mejor&nbsp;<\/strong>para ganarle al kirchnerismo y el que podr\u00eda&nbsp;<strong>bloquear&nbsp;<\/strong>el ascenso del libertario<strong>&nbsp;Javier Milei.&nbsp;<\/strong>Sin embargo, suponen que no le resultar\u00eda f\u00e1cil aplicar las&nbsp;<strong>reformas de shock&nbsp;<\/strong>necesarias para que la Argentina salga de la crisis porque, seg\u00fan advierten, no contar\u00eda con el acompa\u00f1amiento de la&nbsp;<strong>UCR&nbsp;<\/strong>y de la&nbsp;<strong>Coalici\u00f3n C\u00edvica&nbsp;<\/strong>para llevarlas adelante.<\/p>\n\n\n\n<p>\u00bfMacri podr\u00eda competir para volver al gobierno si&nbsp;<strong>Cristina Kirchner<\/strong>&nbsp;da un paso similar? Es una especulaci\u00f3n que sigue circulando en el ambiente pol\u00edtico, aunque cerca del ex jefe del Estado lo descartan:&nbsp;<strong>\u201cEso no le importa\u201d,<\/strong>&nbsp;se\u00f1alan, aunque se\u00f1alan que, aunque hoy el fundador del PRO no quiere disputar la presidencia de la Naci\u00f3n, podr\u00eda tener&nbsp;<strong>\u201cun arrebato de \u00faltimo momento\u201d.<\/strong>&nbsp;Siempre en terreno de las especulaciones, el c\u00edrculo \u00edntimo del ex presidente sospecha que Macri dejar\u00eda su renuencia a postularse&nbsp;<strong>en caso de que se agrave la magnitud de la crisis pol\u00edtica y socioecon\u00f3mica.<\/strong><\/p>\n\n\n\n<p>En el larretismo no ven posible un escenario con Macri candidato:&nbsp;<strong>\u201cNo le dan los n\u00fameros\u201d,<\/strong>&nbsp;razonan los operadores del jefe de Gobierno, con sus encuestas en la mano. Esos sondeos dan que el ex presidente tiene una&nbsp;<strong>imagen negativa<\/strong>&nbsp;que llega al promedio del&nbsp;<strong>60%<\/strong>&nbsp;en todo el pa\u00eds. \u201cPerder\u00eda las PASO si lo enfrenta a Horacio y no tiene chance de ganar las elecciones presidenciales\u201d, sostienen.<\/p>\n\n\n\n<p>Quienes suponen que el ex mandatario podr\u00eda anunciar finalmente su candidatura aportan algunos&nbsp;<strong>indicios&nbsp;<\/strong>sugestivos. Uno de ellos tiene que ver con las&nbsp;<strong>recorridas&nbsp;<\/strong>que estar\u00eda realizando una figura del gobierno de Cambiemos entre<strong>&nbsp;sindicatos<\/strong>&nbsp;de primer nivel para&nbsp;<strong>sondearlos&nbsp;<\/strong>con una pregunta central:&nbsp;<strong>\u00bfc\u00f3mo ver\u00edan el regreso de Macri a la presidencia de la Naci\u00f3n?&nbsp;<\/strong>Cualquiera podr\u00eda imaginarse la respuesta, pero la iniciativa en s\u00ed misma revela que algunos dirigentes no descartan ese escenario y que incluso&nbsp;<strong>operan&nbsp;<\/strong>para que sea posible. La&nbsp;<strong>duda&nbsp;<\/strong>es si todo se hace con el aval del ex jefe del Estado.<\/p>\n\n\n\n<p>En las \u00faltimas horas, Macri no s\u00f3lo posterg\u00f3 cualquier anuncio sobre su futuro pol\u00edtico sino que se muestra&nbsp;<strong>m\u00e1s activo que nunca<\/strong>&nbsp;para apurar las definiciones electorales del PRO. En ese sentido hay que anotar el desayuno de este mi\u00e9rcoles con&nbsp;<strong>Vidal,&nbsp;<\/strong>que dur\u00f3 unas dos horas, y la reuni\u00f3n que mantendr\u00e1 el viernes al mediod\u00eda con&nbsp;<strong>Rodr\u00edguez Larreta.<\/strong>&nbsp;Con&nbsp;<strong>Bullrich&nbsp;<\/strong>se reunir\u00e1 en forma inminente.<\/p>\n\n\n\n<p>El tel\u00f3n de fondo es un conflicto que obsesiona a Macri:&nbsp;<strong>la pelea en el PRO porte\u00f1o,<\/strong>&nbsp;que pone en un&nbsp;<strong>cono de sombras<\/strong>&nbsp;la continuidad del partido amarillo en su principal basti\u00f3n electoral. Todo se complic\u00f3 en la ciudad de Buenos Aires luego de que Bullrich pos\u00f3 con Jorge Macri para apoyar su candidatura a jefe de Gobierno. Larreta lo consider\u00f3 un acto de traici\u00f3n por parte de su ministro de Gobierno y promovi\u00f3 3 candidatos:&nbsp;<strong>Fern\u00e1n Quir\u00f3s, Soledad Acu\u00f1a&nbsp;<\/strong>y<strong>&nbsp;Emmanuel Ferrario.<\/strong><\/p>\n\n\n\n<p>Para el ex presidente, que respalda sin fisuras a su primo, la jugada larretista le parece&nbsp;<strong>inaceptable:&nbsp;<\/strong>cree que tiene que haber un solo candidato del PRO porque, si no, se dividir\u00eda el voto del electorado propio y ganar\u00e1 las PASO el radical&nbsp;<strong>Mart\u00edn Lousteau,<\/strong>&nbsp;que mide muy bien en las encuestas. Por eso en el macrismo creen que es posible que exista alg\u00fan&nbsp;<strong>acuerdo&nbsp;<\/strong>por el cual el senador de la UCR apoyar\u00eda el proyecto presidencial del alcalde porte\u00f1o a cambio de un&nbsp;<strong>gui\u00f1o&nbsp;<\/strong>a su candidatura en la ciudad.<\/p>\n\n\n\n<p>Dicen que, seg\u00fan Macri, el primer gesto para ordenar la pelea en el PRO es que Rodr\u00edguez Larreta&nbsp;<strong>baje&nbsp;<\/strong>las candidaturas de sus 3 aliados y&nbsp;<strong>anuncie que apoyar\u00e1 a Jorge Macri,&nbsp;<\/strong>al igual que Bullrich. Hay quienes intuyen que el jefe de Gobierno s\u00f3lo lo har\u00eda si el ex presidente&nbsp;<strong>desiste p\u00fablicamente de su candidatura presidencial.<\/strong>&nbsp;Y, adem\u00e1s, si acepta que&nbsp;<strong>Diego Santilli<\/strong>&nbsp;sea el&nbsp;<strong>\u00fanico&nbsp;<\/strong>postulante del PRO a gobernador bonaerense. Alguien que conoce de cerca al ex mandatario est\u00e1 convencido de que una transacci\u00f3n de ese tipo es inviable: \u201cNo lo conocen a Mauricio.&nbsp;<strong>Nunca aceptar\u00eda algo as\u00ed\u201d.<\/strong><\/p>\n\n\n\n<p>Si se confirma su agenda del jueves, Macri demostrar\u00e1 que tambi\u00e9n quiere meterse en&nbsp;<strong>la interna de los liberales.<\/strong>&nbsp;En Juntos por el Cambio dan por sentado que el ex presidente tuvo algo que ver con el acuerdo entre&nbsp;<strong>Bullrich&nbsp;<\/strong>y&nbsp;<strong>Ricardo L\u00f3pez Murphy.<\/strong>&nbsp;De por s\u00ed, el entendimiento pol\u00edtico se concret\u00f3 poco despu\u00e9s de que el l\u00edder de Republicanos Unidos se reuni\u00f3 en Olivos con el fundador del PRO.<\/p>\n\n\n\n<p>La movida no es menor: hasta ese momento, el diputado de Republicanos Unidos era considerado un&nbsp;<strong>aliado&nbsp;<\/strong>de Rodr\u00edguez Larreta y, como tal, hab\u00eda aceptado la idea de postularse a la presidencia de la Naci\u00f3n dentro del espacio de Juntos por el Cambio para&nbsp;<strong>sacarle votos<\/strong>&nbsp;a Javier Milei. Por eso en las filas larretistas se quejan de<strong>&nbsp;\u201cla traici\u00f3n del Bulldog\u201d<\/strong>&nbsp;y amasaron un plan B,&nbsp;<a href=\"https:\/\/www.infobae.com\/politica\/2023\/03\/19\/el-pro-sale-a-buscar-liberales-para-frenar-a-javier-milei-y-apuesta-a-que-mauricio-macri-pueda-ordenar-su-interna-feroz\/\" target=\"_blank\" rel=\"noreferrer noopener\"><em>anticipado por&nbsp;<strong>Infobae:<\/strong><\/em><\/a>&nbsp;<strong>la candidatura presidencial de Espert,&nbsp;<\/strong>a quien hasta ahora quer\u00edan en la pelea por la&nbsp;<strong>gobernaci\u00f3n bonaerense&nbsp;<\/strong>para captar el&nbsp;<strong>voto liberal<\/strong>&nbsp;y contribuir a la derrota del kirchnerista Axel Kicillof.<\/p>\n\n\n\n<p>El bullrichismo se&nbsp;<strong>enfureci\u00f3&nbsp;<\/strong>por la estrategia de los larretistas:<strong>&nbsp;\u201cS\u00f3lo le quieren sacar votos a Patricia\u201d,&nbsp;<\/strong>bramand. Y anticipan que por ese mismo motivo&nbsp;<strong>Macri tampoco estar\u00eda entusiasmado<\/strong>&nbsp;con la postulaci\u00f3n de Espert para la Casa Rosada. Las especulaciones sobre el tema crecieron luego de que trascendi\u00f3 que el economista de Avanza Libertad<strong>&nbsp;se reunir\u00eda este jueves con el ex presidente<\/strong>. Por separado,&nbsp;<strong>tambi\u00e9n lo har\u00eda Garc\u00eda Morit\u00e1n,<\/strong>&nbsp;a quien lo dan como&nbsp;<strong>compa\u00f1ero de f\u00f3rmula&nbsp;<\/strong>de Espert. \u00bfSer\u00eda la&nbsp;<strong>venganza perfecta?<\/strong>&nbsp;El empresario gastron\u00f3mico iba a ser el candidato a jefe de Gobierno de Republicanos Unidos hasta que L\u00f3pez Murphy decidi\u00f3 competir en esa&nbsp;<strong>misma categor\u00eda.&nbsp;<\/strong>Hace 24 horas, en di\u00e1logo con Perfil, Garc\u00eda Morit\u00e1n dijo que \u201cRicardo es un referente del espacio y<strong>&nbsp;est\u00e1 en su derecho,<\/strong>&nbsp;tiene la facultad de lanzarse y competir en cualquier posici\u00f3n de poder que le permitan\u201d. Pero advirti\u00f3: \u201cAlgunas postulaciones son&nbsp;<strong>a destiempo y desproporcionadas\u201d.<\/strong>&nbsp;\u00bfA qui\u00e9n se refer\u00eda?<\/p>\n\n\n\n<p>No ser\u00e1 la \u00fanica incursi\u00f3n de Macri en el escenario liberal. El lunes pr\u00f3ximo ser\u00e1 uno de los&nbsp;<strong>protagonistas&nbsp;<\/strong>de la cena anual de la&nbsp;<strong>Fundaci\u00f3n Libertad,&nbsp;<\/strong>que se realizar\u00e1 en el Golden Center. El a\u00f1o pasado, en ese mismo encuentro, con Macri en un panel con Mario Vargas Llosa y Julio Sanguinetti, Rodr\u00edguez Larreta y Bullrich anticiparon sus&nbsp;<strong>propuestas de gobierno<\/strong>. En una platea con asistentes afines a las posiciones m\u00e1s duras, el \u201caplaus\u00f3metro\u201d&nbsp;<strong>benefici\u00f3<\/strong>&nbsp;a la jefa del PRO.<\/p>\n\n\n\n<p>Ahora, el evento comenzar\u00e1 con una charla del titular de la Fundaci\u00f3n Libertad,&nbsp;<strong>Gerardo Bongiovanni,&nbsp;<\/strong>y la vicepresidenta de Uruguay,&nbsp;<strong>Beatriz Argim\u00f3n.<\/strong>&nbsp;Estaba prevista la presencia de Cayetana Alvarez de Toledo, dirigente del Partido Popular en Espa\u00f1a y fue diputada por Madrid, pero finalmente no vendr\u00eda a la Argentina. La atenci\u00f3n estar\u00e1 puesta en el panel central, a las 22, cuando hablen ex presidentes latinoamericanos como&nbsp;<strong>Macri, Sebasti\u00e1n Pi\u00f1era (Chile), Felipe Calder\u00f3n (M\u00e9xico) y Jorge Quiroga (Bolivia).&nbsp;<\/strong>Para Larreta y Bullrich ser\u00e1 todo un&nbsp;<strong>desaf\u00edo:<\/strong>&nbsp;ese mismo d\u00eda, y a la misma hora, tendr\u00e1 lugar la cena anual del&nbsp;<strong>Centro de Implementaci\u00f3n de Pol\u00edticas P\u00fablicas para la Equidad y el Crecimiento (Cippec),<\/strong>&nbsp;una tradicional cita del C\u00edrculo Rojo con presencias destacadas de la pol\u00edtica y del empresariado. Ambos pasar\u00edan primero por el Hotel Hilton de Puerto Madero para la comida del Cippec y luego ir\u00edan al encuentro de la Fundaci\u00f3n Libertad.&nbsp;<strong>\u00bfTampoco quieren perderse a Macri?<\/strong><\/p>\n","protected":false},"excerpt":{"rendered":"<p>Adem\u00e1s de reunirse con los presidenciables del PRO, el ex presidente recibir\u00eda en las pr\u00f3ximas horas a referentes del liberalismo como Jos\u00e9 Luis Espert y Roberto Garc\u00eda Morit\u00e1n. El lunes&hellip; <\/p>\n","protected":false},"author":7,"featured_media":49098,"comment_status":"closed","ping_status":"open","sticky":false,"template":"","format":"standard","meta":{"footnotes":""},"categories":[10],"tags":[],"class_list":["post-49097","post","type-post","status-publish","format-standard","has-post-thumbnail","hentry","category-nacionales"],"_links":{"self":[{"href":"https:\/\/corrientesdetarde.com\/index.php\/wp-json\/wp\/v2\/posts\/49097","targetHints":{"allow":["GET"]}}],"collection":[{"href":"https:\/\/corrientesdetarde.com\/index.php\/wp-json\/wp\/v2\/posts"}],"about":[{"href":"https:\/\/corrientesdetarde.com\/index.php\/wp-json\/wp\/v2\/types\/post"}],"author":[{"embeddable":true,"href":"https:\/\/corrientesdetarde.com\/index.php\/wp-json\/wp\/v2\/users\/7"}],"replies":[{"embeddable":true,"href":"https:\/\/corrientesdetarde.com\/index.php\/wp-json\/wp\/v2\/comments?post=49097"}],"version-history":[{"count":1,"href":"https:\/\/corrientesdetarde.com\/index.php\/wp-json\/wp\/v2\/posts\/49097\/revisions"}],"predecessor-version":[{"id":49099,"href":"https:\/\/corrientesdetarde.com\/index.php\/wp-json\/wp\/v2\/posts\/49097\/revisions\/49099"}],"wp:featuredmedia":[{"embeddable":true,"href":"https:\/\/corrientesdetarde.com\/index.php\/wp-json\/wp\/v2\/media\/49098"}],"wp:attachment":[{"href":"https:\/\/corrientesdetarde.com\/index.php\/wp-json\/wp\/v2\/media?parent=49097"}],"wp:term":[{"taxonomy":"category","embeddable":true,"href":"https:\/\/corrientesdetarde.com\/index.php\/wp-json\/wp\/v2\/categories?post=49097"},{"taxonomy":"post_tag","embeddable":true,"href":"https:\/\/corrientesdetarde.com\/index.php\/wp-json\/wp\/v2\/tags?post=49097"}],"curies":[{"name":"wp","href":"https:\/\/api.w.org\/{rel}","templated":true}]}}