{"id":49109,"date":"2023-03-23T08:05:50","date_gmt":"2023-03-23T11:05:50","guid":{"rendered":"https:\/\/corrientesdetarde.com\/?p=49109"},"modified":"2023-03-23T08:05:53","modified_gmt":"2023-03-23T11:05:53","slug":"el-gobierno-le-pidio-a-la-justicia-que-prohiba-salir-del-pais-a-los-directivos-de-edesur","status":"publish","type":"post","link":"https:\/\/corrientesdetarde.com\/index.php\/nacionales\/el-gobierno-le-pidio-a-la-justicia-que-prohiba-salir-del-pais-a-los-directivos-de-edesur\/","title":{"rendered":"<strong>El Gobierno le pidi\u00f3 a la Justicia que proh\u00edba salir del pa\u00eds a los directivos de Edesur<\/strong>"},"content":{"rendered":"\n<p>La solicitud se formaliz\u00f3 con una ampliaci\u00f3n de la denuncia penal que hab\u00eda presentado el ENRE contra los integrantes del directorio de la empresa distribuidora de electricidad<\/p>\n\n\n\n<p>A trav\u00e9s de una ampliaci\u00f3n de la denuncia penal presentada contra el directorio de&nbsp;<strong>Edesur<\/strong>, el&nbsp;<strong>Ente Nacional Regulador El\u00e9ctrico (ENRE)<\/strong>&nbsp;pidi\u00f3 una medida cautelar de prohibici\u00f3n de salida del pa\u00eds contra todos los directivos acusados. El escrito, firmado por el interventor del ENRE,&nbsp;<strong>Walter Martello<\/strong>, y el abogado&nbsp;<strong>Miguel Priolo<\/strong>, solicita la restricci\u00f3n para una serie de ejecutivos \u201ca los fines de evitar que los mismos se sustraigan de comparecer a derecho en la presente investigaci\u00f3n\u201d.<\/p>\n\n\n\n<p>En la ampliaci\u00f3n de la denuncia se justifican las decisiones tomadas por el ENRE haciendo menci\u00f3n de la&nbsp;<strong>Resoluci\u00f3n 307\/2023<\/strong>, a trav\u00e9s de la cual se dispuso la intervenci\u00f3n provisoria de Edesur S.A. en funci\u00f3n de una serie de argumentos planteados en dicha normativa.<\/p>\n\n\n\n<p>En el texto, Martello plantea que se ha evidenciado que, con motivo de los sucesos ocurridos el d\u00eda 10 de febrero de 2023, han quedado fuera del servicio alrededor de 180 mil personas usuarias, produci\u00e9ndose, en los d\u00edas posteriores, eventos de baja y media tensi\u00f3n que derivaron en interrupciones reiteradas y prolongadas del suministro de luz en el \u00e1rea de concesi\u00f3n de la distribuidora.<\/p>\n\n\n\n<p>Asimismo, se\u00f1ala que el ENRE ha detectado desv\u00edos y demoras entre la base de reclamos de cortes y la informaci\u00f3n brindada por la distribuidora al organismo regulador. \u201dLa Distribuidora incumple en forma recurrente y sistem\u00e1tica con los par\u00e1metros de calidad media y, ante eventos de magnitud, los procedimientos operativos de atenci\u00f3n de reclamos y reposici\u00f3n de suministros fracasan reiteradamente, denotando d\u00e9ficits de recursos, de planificaci\u00f3n operativa y de inversiones\u201d, agrega la ampliaci\u00f3n de denuncia presentada por el organismo.<\/p>\n\n\n\n<p>La enumeraci\u00f3n de faltas contin\u00faa durante varias p\u00e1ginas y concluye que las instalaciones que pertenecen al \u00e1rea de concesi\u00f3n de Edesur \u201cno est\u00e1n siendo reparadas al ritmo de las necesidades del servicio p\u00fablico\u201d y sostiene que, si la demanda es transferida a otras instalaciones, ante picos de demanda, se sobrecargan y salen de servicio.<\/p>\n\n\n\n<p><strong>A qu\u00e9 se debe la prohibici\u00f3n<\/strong><\/p>\n\n\n\n<p>M\u00e1s all\u00e1 de los argumentos mencionados anteriormente, que enmarcan los motivos por los cuales se decidi\u00f3 la intervenci\u00f3n de Edesur por un plazo de 180 d\u00edas, la ampliaci\u00f3n de la denuncia justifica por qu\u00e9 se debe restringir la salida del pa\u00eds de los miembros del directorio de la distribuidora el\u00e9ctrica.<\/p>\n\n\n\n<p>\u201cLa traba de esta medida cautelar responde a cuestiones de raigambre constitucional y legal y en vista de evitar la impunidad de un hecho injusto donde los afectados fueron miles de personas que se vieron y muchos de ellos al d\u00eda de hoy se ven impedidos de poder hacer uso de la energ\u00eda el\u00e9ctrica que deber\u00eda haber brindado sin ning\u00fan tipo de impedimento la empresa concesionaria Edesur\u201d, indica&nbsp;<strong>Martello&nbsp;<\/strong>en el escrito.<\/p>\n\n\n\n<p>\u201cSe dir\u00e1 que todav\u00eda no han sido imputados o indagados pero tambi\u00e9n se podr\u00e1 decir que algunos de ellos no son ciudadanos argentinos y s\u00ed ciudadanos italianos y que el resto de los miembros de la sociedad son personas de alto poder adquisitivo que tienen todos los elementos y posibilidades a su alcance para poder irse del pa\u00eds y sustraerse del alcance de la justicia y de estar a derecho como as\u00ed corresponde ante la apertura de una investigaci\u00f3n judicial\u201d, agrega.<\/p>\n\n\n\n<p>\u201cDigamos que la medida de aseguramiento preventivo que aqu\u00ed se trata se endereza a lo dispuesto en el&nbsp;<strong>art.23 del CP (C\u00f3digo Penal)<\/strong>, una medida cautelar que prev\u00e9 obstaculizar cualquier intento de un individuo para lograr la impunidad, resultando ser una medida razonable tendiente a procurar la sujeci\u00f3n del sujeto al proceso judicial y evitar el riesgo de que en este caso los denunciados puedan frustrar el accionar de la justicia, ausent\u00e1ndose del pa\u00eds\u201d, apunta el interventor del ENRE.<\/p>\n","protected":false},"excerpt":{"rendered":"<p>La solicitud se formaliz\u00f3 con una ampliaci\u00f3n de la denuncia penal que hab\u00eda presentado el ENRE contra los integrantes del directorio de la empresa distribuidora de electricidad A trav\u00e9s de&hellip; <\/p>\n","protected":false},"author":7,"featured_media":49110,"comment_status":"closed","ping_status":"open","sticky":false,"template":"","format":"standard","meta":{"footnotes":""},"categories":[10],"tags":[],"class_list":["post-49109","post","type-post","status-publish","format-standard","has-post-thumbnail","hentry","category-nacionales"],"_links":{"self":[{"href":"https:\/\/corrientesdetarde.com\/index.php\/wp-json\/wp\/v2\/posts\/49109","targetHints":{"allow":["GET"]}}],"collection":[{"href":"https:\/\/corrientesdetarde.com\/index.php\/wp-json\/wp\/v2\/posts"}],"about":[{"href":"https:\/\/corrientesdetarde.com\/index.php\/wp-json\/wp\/v2\/types\/post"}],"author":[{"embeddable":true,"href":"https:\/\/corrientesdetarde.com\/index.php\/wp-json\/wp\/v2\/users\/7"}],"replies":[{"embeddable":true,"href":"https:\/\/corrientesdetarde.com\/index.php\/wp-json\/wp\/v2\/comments?post=49109"}],"version-history":[{"count":1,"href":"https:\/\/corrientesdetarde.com\/index.php\/wp-json\/wp\/v2\/posts\/49109\/revisions"}],"predecessor-version":[{"id":49111,"href":"https:\/\/corrientesdetarde.com\/index.php\/wp-json\/wp\/v2\/posts\/49109\/revisions\/49111"}],"wp:featuredmedia":[{"embeddable":true,"href":"https:\/\/corrientesdetarde.com\/index.php\/wp-json\/wp\/v2\/media\/49110"}],"wp:attachment":[{"href":"https:\/\/corrientesdetarde.com\/index.php\/wp-json\/wp\/v2\/media?parent=49109"}],"wp:term":[{"taxonomy":"category","embeddable":true,"href":"https:\/\/corrientesdetarde.com\/index.php\/wp-json\/wp\/v2\/categories?post=49109"},{"taxonomy":"post_tag","embeddable":true,"href":"https:\/\/corrientesdetarde.com\/index.php\/wp-json\/wp\/v2\/tags?post=49109"}],"curies":[{"name":"wp","href":"https:\/\/api.w.org\/{rel}","templated":true}]}}