{"id":49119,"date":"2023-03-23T08:49:14","date_gmt":"2023-03-23T11:49:14","guid":{"rendered":"https:\/\/corrientesdetarde.com\/?p=49119"},"modified":"2023-03-23T08:51:24","modified_gmt":"2023-03-23T11:51:24","slug":"scaloni-no-dio-informacion-de-la-formacion-ante-panama","status":"publish","type":"post","link":"https:\/\/corrientesdetarde.com\/index.php\/deportes\/scaloni-no-dio-informacion-de-la-formacion-ante-panama\/","title":{"rendered":"Scaloni, no dio informaci\u00f3n de la formaci\u00f3n ante Panam\u00e1"},"content":{"rendered":"\n<p>El equipo campe\u00f3n del Mundo tuvo una pr\u00e1ctica en la que se conformaron diferentes equipos, mientras fueron seguidos de cerca por el seleccionado Sub17 que disputar\u00e1 el Sudamericano 2023 en Ecuador.&nbsp;<\/p>\n\n\n\n<p>El seleccionador Lionel Scaloni dispuso este mi\u00e9rcoles una pr\u00e1ctica de f\u00fatbol en espacios reducidos, con tres equipos, y no dio pistas de la posible formaci\u00f3n del representativo nacional para ma\u00f1ana, ante Panam\u00e1, en el amistoso que servir\u00e1 de gran excusa para la celebraci\u00f3n con los hinchas por la Copa del Mundo lograda en Qatar 2022.&nbsp;<\/p>\n\n\n\n<p>Scaloni supervis\u00f3 los movimientos de sus jugadores con tres formaciones que fueron alternando en la cancha auxiliar del predio de la AFA.<\/p>\n\n\n\n<p>El equipo de pechera morada fue el siguiente: Emiliano Mart\u00ednez; Gonzalo Montiel, Nehu\u00e9n P\u00e9rez, Nicol\u00e1s Otamendi y Nicol\u00e1s Tagliafico; M\u00e1ximo Perrone, Enzo Fern\u00e1ndez y Rodrigo De Paul; Lionel Messi, Juli\u00e1n \u00c1lvarez y Nicol\u00e1s Gonz\u00e1lez.<\/p>\n\n\n\n<figure class=\"wp-block-embed is-type-rich is-provider-twitter wp-block-embed-twitter\"><div class=\"wp-block-embed__wrapper\">\n<blockquote class=\"twitter-tweet\" data-width=\"550\" data-dnt=\"true\"><p lang=\"es\" dir=\"ltr\"><a href=\"https:\/\/twitter.com\/hashtag\/Selecci%C3%B3nMayor?src=hash&amp;ref_src=twsrc%5Etfw\">#Selecci\u00f3nMayor<\/a> \u00a1\u00daltimo entrenamiento! <br><br>Todo listo, todo preparado, todo en marcha para volver a ver a la <a href=\"https:\/\/twitter.com\/hashtag\/Scaloneta?src=hash&amp;ref_src=twsrc%5Etfw\">#Scaloneta<\/a> \ud83d\ude0e\ud83c\udde6\ud83c\uddf7 <a href=\"https:\/\/t.co\/eBsGRTBbKB\">pic.twitter.com\/eBsGRTBbKB<\/a><\/p>&mdash; \ud83c\udde6\ud83c\uddf7 Selecci\u00f3n Argentina \u2b50\u2b50\u2b50 (@Argentina) <a href=\"https:\/\/twitter.com\/Argentina\/status\/1638674646860963841?ref_src=twsrc%5Etfw\">March 22, 2023<\/a><\/blockquote><script async src=\"https:\/\/platform.twitter.com\/widgets.js\" charset=\"utf-8\"><\/script>\n<\/div><\/figure>\n\n\n\n<p>Con pechera fluorescente: Franco Armani; Juan Foyth, Lisandro Mart\u00ednez y Marcos Acu\u00f1a; Leandro Paredes, Guido Rodr\u00edguez, Giovani Lo Celso y \u00c1ngel Di Mar\u00eda; \u00c1ngel Correa, Giovanni Simeone y Emiliano Buend\u00eda.<\/p>\n\n\n\n<figure class=\"wp-block-image\"><img decoding=\"async\" src=\"https:\/\/www.lt7noticias.com\/content\/bucket\/1\/44101w770h433c.jpg.webp\" alt=\"\"\/><\/figure>\n\n\n\n<p>Sin pechera: Ger\u00f3nimo Rulli; Nahuel Molina, Cristian Romero, Germ\u00e1n Pezzella y Lautaro Blanco; Alexis MacAllister, Exequiel Palacios, Valent\u00edn Carboni y Facundo Buonanotte; Thiago Almada, Paulo Dybala y Lautaro Mart\u00ednez.&nbsp;<\/p>\n\n\n\n<p>En principio, Scaloni pondr\u00e1 en cancha al mismo que equipo que empez\u00f3 la final ante Francia en Qatar 2022: Emiliano Mart\u00ednez; Nahuel Molina, Cristian Romero, Nicol\u00e1s Otamendi y Nicol\u00e1s Tagliafico; Rodrigo De Paul, Enzo Fern\u00e1ndez y Alexis Mac Allister; \u00c1ngel Di Mar\u00eda; Lionel Messi y Juli\u00e1n \u00c1lvarez.<\/p>\n\n\n\n<figure class=\"wp-block-image\"><img decoding=\"async\" src=\"https:\/\/www.lt7noticias.com\/content\/bucket\/0\/44100w770h433c.jpg.webp\" alt=\"\"\/><\/figure>\n\n\n\n<p>En un momento de la pr\u00e1ctica, Dybala sinti\u00f3 una molestia en el hombro derecho, por una choque con Correa, pero finaliz\u00f3 la misma sin inconvenientes.<\/p>\n\n\n\n<figure class=\"wp-block-image\"><img decoding=\"async\" src=\"https:\/\/www.lt7noticias.com\/content\/bucket\/9\/44099w770h433c.jpg.webp\" alt=\"\"\/><\/figure>\n\n\n\n<p>El plantel ya qued\u00f3 concentrado en el predio de la AFA para el partido de ma\u00f1ana ante Panam\u00e1, en el estadio de River Plate, a partir de las 20.30, aunque el estadio se abrir\u00e1 cinco horas antes para la realizaci\u00f3n de varios shows art\u00edsticos.&nbsp;<\/p>\n\n\n\n<figure class=\"wp-block-image\"><img decoding=\"async\" src=\"https:\/\/www.lt7noticias.com\/content\/bucket\/8\/44098w770h433c.jpg.webp\" alt=\"\"\/><\/figure>\n","protected":false},"excerpt":{"rendered":"<p>El equipo campe\u00f3n del Mundo tuvo una pr\u00e1ctica en la que se conformaron diferentes equipos, mientras fueron seguidos de cerca por el seleccionado Sub17 que disputar\u00e1 el Sudamericano 2023 en&hellip; <\/p>\n","protected":false},"author":4,"featured_media":49140,"comment_status":"closed","ping_status":"open","sticky":false,"template":"","format":"standard","meta":{"footnotes":""},"categories":[4],"tags":[],"class_list":["post-49119","post","type-post","status-publish","format-standard","has-post-thumbnail","hentry","category-deportes"],"_links":{"self":[{"href":"https:\/\/corrientesdetarde.com\/index.php\/wp-json\/wp\/v2\/posts\/49119","targetHints":{"allow":["GET"]}}],"collection":[{"href":"https:\/\/corrientesdetarde.com\/index.php\/wp-json\/wp\/v2\/posts"}],"about":[{"href":"https:\/\/corrientesdetarde.com\/index.php\/wp-json\/wp\/v2\/types\/post"}],"author":[{"embeddable":true,"href":"https:\/\/corrientesdetarde.com\/index.php\/wp-json\/wp\/v2\/users\/4"}],"replies":[{"embeddable":true,"href":"https:\/\/corrientesdetarde.com\/index.php\/wp-json\/wp\/v2\/comments?post=49119"}],"version-history":[{"count":2,"href":"https:\/\/corrientesdetarde.com\/index.php\/wp-json\/wp\/v2\/posts\/49119\/revisions"}],"predecessor-version":[{"id":49141,"href":"https:\/\/corrientesdetarde.com\/index.php\/wp-json\/wp\/v2\/posts\/49119\/revisions\/49141"}],"wp:featuredmedia":[{"embeddable":true,"href":"https:\/\/corrientesdetarde.com\/index.php\/wp-json\/wp\/v2\/media\/49140"}],"wp:attachment":[{"href":"https:\/\/corrientesdetarde.com\/index.php\/wp-json\/wp\/v2\/media?parent=49119"}],"wp:term":[{"taxonomy":"category","embeddable":true,"href":"https:\/\/corrientesdetarde.com\/index.php\/wp-json\/wp\/v2\/categories?post=49119"},{"taxonomy":"post_tag","embeddable":true,"href":"https:\/\/corrientesdetarde.com\/index.php\/wp-json\/wp\/v2\/tags?post=49119"}],"curies":[{"name":"wp","href":"https:\/\/api.w.org\/{rel}","templated":true}]}}