{"id":49120,"date":"2023-03-23T08:43:17","date_gmt":"2023-03-23T11:43:17","guid":{"rendered":"https:\/\/corrientesdetarde.com\/?p=49120"},"modified":"2023-03-23T08:43:21","modified_gmt":"2023-03-23T11:43:21","slug":"aunar-familias-piden-que-incluyan-a-corrientes-en-el-programa-nacional-de-ayuda-economica","status":"publish","type":"post","link":"https:\/\/corrientesdetarde.com\/index.php\/politica\/aunar-familias-piden-que-incluyan-a-corrientes-en-el-programa-nacional-de-ayuda-economica\/","title":{"rendered":"AUNAR Familias: piden que incluyan a Corrientes en el programa nacional de ayuda econ\u00f3micA"},"content":{"rendered":"\n<p>Fue aprobado este mi\u00e9rcoles durante la sesi\u00f3n de Diputados.\u00a0<\/p>\n\n\n\n<p>En la sesi\u00f3n 4, presidida por Pedro Cassani, se aprob\u00f3 un proyecto de resoluci\u00f3n para solicitar al Poder Ejecutivo la firma del Convenio de adhesi\u00f3n de la Provincia al Programa &#8220;AUNAR Familias&#8221;, consistente en una prestaci\u00f3n econ\u00f3mica mensual para la persona adulta responsable que ejerza el cuidado provisional del ni\u00f1o, ni\u00f1a o adolescente que no pueda permanecer con su familia de origen.<\/p>\n\n\n\n<p>El autor de la iniciativa, el diputado Jos\u00e9 Romero Brisco, se\u00f1al\u00f3 que &#8220;se trata de un tema de ni\u00f1ez y adolescencia, que creo que es un tema muy sensible, que a todos mis pares independientemente, &nbsp;de qu\u00e9 bloque &nbsp;pertenezcamos les importa y ocupa&#8221; indic\u00f3 para destacar proyecto &nbsp;de ley similar pasado a comisi\u00f3n en la fecha.<\/p>\n\n\n\n<p>El diputado Germ\u00e1n Braillard Poccard, en tanto, &nbsp;ampli\u00f3 la tem\u00e1tica indicando que &#8220;dicho programa ya cumpli\u00f3 un a\u00f1o. Es un ingreso de la mitad del salario &nbsp;m\u00ednimo vital y &nbsp;m\u00f3vil , de 40 mil pesos que se le da en una tarjeta a &nbsp;una casa que abre su hogar para un sobrino o para un vecino\u2026 Y muchas veces hay familias que no pueden recibir porque la situaci\u00f3n econ\u00f3mica no lo &nbsp;permite&#8221;, explic\u00f3.&nbsp;<\/p>\n\n\n\n<p>El diputado Javier S\u00e1ez al adelantar el voto positivo coincidi\u00f3 en la profundidad de la tem\u00e1tica, destacando que en la misma, no puede haber &#8220;politiquer\u00eda&#8221;.<\/p>\n\n\n\n<p>Los diputados, aprobaron tambi\u00e9n el pase a &#8220;comisiones&#8221; de distintos proyectos y Declaraciones de Inter\u00e9s a distintos eventos y acontecimientos.<\/p>\n\n\n\n<p><strong>D\u00eda de la Memoria<\/strong><\/p>\n\n\n\n<p>Al finalizar la sesi\u00f3n &nbsp;se hizo referencia al D\u00eda de la Memoria, por la Verdad y la Justicia que se conmemora el 24 de marzo, pr\u00f3ximo, en homenaje a las v\u00edctimas de la \u00faltima dictadura c\u00edvico-militar que usurp\u00f3 el poder entre 1976 y 1983.<br>Sobre el particular, la diputada Alicia Meixner llam\u00f3 a la reflexi\u00f3n sobre el sistema pol\u00edtico como base de la Democracia.<\/p>\n\n\n\n<p>El diputado Norberto Ast por su parte, reivindic\u00f3 la lucha de Florentina G\u00f3mez Miranda y Ra\u00fal Alfons\u00edn que presentaron Habeas Corpus ante la desaparici\u00f3n de personas en el &#8220;per\u00edodo m\u00e1s oscuro de la Rep\u00fablica Argentina&#8221;. &#8220;Democracia Siempre&#8221; sentenci\u00f3.<\/p>\n\n\n\n<p>La diputada Albana Rotela Ca\u00f1ete afirm\u00f3 que &#8220;estamos obligados a defender la democracia&#8221; haciendo hincapi\u00e9 en la funci\u00f3n de los partidos pol\u00edticos. &#8220;Hay que mirar atr\u00e1s para no repetir errores&#8221;, manifest\u00f3.<\/p>\n\n\n\n<p>El diputado H\u00e9ctor L\u00f3pez, a su turno, cont\u00f3 sus propias experiencias durante el proceso militar, para subrayar el concepto de que se &#8220;debe rechazar todo tipo de violencia venga de donde venga&#8221;.<\/p>\n","protected":false},"excerpt":{"rendered":"<p>Fue aprobado este mi\u00e9rcoles durante la sesi\u00f3n de Diputados.\u00a0 En la sesi\u00f3n 4, presidida por Pedro Cassani, se aprob\u00f3 un proyecto de resoluci\u00f3n para solicitar al Poder Ejecutivo la firma&hellip; <\/p>\n","protected":false},"author":4,"featured_media":49137,"comment_status":"closed","ping_status":"open","sticky":false,"template":"","format":"standard","meta":{"footnotes":""},"categories":[3],"tags":[],"class_list":["post-49120","post","type-post","status-publish","format-standard","has-post-thumbnail","hentry","category-politica"],"_links":{"self":[{"href":"https:\/\/corrientesdetarde.com\/index.php\/wp-json\/wp\/v2\/posts\/49120","targetHints":{"allow":["GET"]}}],"collection":[{"href":"https:\/\/corrientesdetarde.com\/index.php\/wp-json\/wp\/v2\/posts"}],"about":[{"href":"https:\/\/corrientesdetarde.com\/index.php\/wp-json\/wp\/v2\/types\/post"}],"author":[{"embeddable":true,"href":"https:\/\/corrientesdetarde.com\/index.php\/wp-json\/wp\/v2\/users\/4"}],"replies":[{"embeddable":true,"href":"https:\/\/corrientesdetarde.com\/index.php\/wp-json\/wp\/v2\/comments?post=49120"}],"version-history":[{"count":1,"href":"https:\/\/corrientesdetarde.com\/index.php\/wp-json\/wp\/v2\/posts\/49120\/revisions"}],"predecessor-version":[{"id":49138,"href":"https:\/\/corrientesdetarde.com\/index.php\/wp-json\/wp\/v2\/posts\/49120\/revisions\/49138"}],"wp:featuredmedia":[{"embeddable":true,"href":"https:\/\/corrientesdetarde.com\/index.php\/wp-json\/wp\/v2\/media\/49137"}],"wp:attachment":[{"href":"https:\/\/corrientesdetarde.com\/index.php\/wp-json\/wp\/v2\/media?parent=49120"}],"wp:term":[{"taxonomy":"category","embeddable":true,"href":"https:\/\/corrientesdetarde.com\/index.php\/wp-json\/wp\/v2\/categories?post=49120"},{"taxonomy":"post_tag","embeddable":true,"href":"https:\/\/corrientesdetarde.com\/index.php\/wp-json\/wp\/v2\/tags?post=49120"}],"curies":[{"name":"wp","href":"https:\/\/api.w.org\/{rel}","templated":true}]}}