{"id":49293,"date":"2023-03-23T17:48:33","date_gmt":"2023-03-23T20:48:33","guid":{"rendered":"https:\/\/corrientesdetarde.com\/?p=49293"},"modified":"2023-03-23T17:48:38","modified_gmt":"2023-03-23T20:48:38","slug":"maria-eugenia-vidal-y-quique-sacco-se-casaron-por-civil-el-sabado-celebraran-la-boda-con-una-fiesta-intima","status":"publish","type":"post","link":"https:\/\/corrientesdetarde.com\/index.php\/espectaculos\/maria-eugenia-vidal-y-quique-sacco-se-casaron-por-civil-el-sabado-celebraran-la-boda-con-una-fiesta-intima\/","title":{"rendered":"Mar\u00eda Eugenia Vidal y Quique Sacco se casaron por civil: el s\u00e1bado celebrar\u00e1n la boda con una fiesta \u00edntima"},"content":{"rendered":"\n<p>Vidal y Sacco cumplieron con el tr\u00e1mite civil de firma que exige el registro civil de la calle Uruguay este mediod\u00eda. Lo hicieron acompa\u00f1ados de los hijos de ambos.<\/p>\n\n\n\n<p>Luego de varios a\u00f1os en pareja,<strong> Maria Eugenia Vidal y Quique Sacco\u00a0se casaron en el Registro Civil de la calle Uruguay este jueves al mediod\u00eda<\/strong>. As\u00ed lo confirm\u00f3 Cecilia Mart\u00ed al aire de\u00a0<em>Nuestra tarde .<\/em> Mientras que la exgobernadora de Buenos Aires\u00a0<strong>luci\u00f3 un vestido largo y blanco sencillo<\/strong>, el periodista deportivo llev\u00f3 una camisa celeste y pantalones claros.<\/p>\n\n\n\n<p>Ambos fueron vistos saliendo\u00a0<strong>de la sede central del Registro Civil muy sonrientes<\/strong>. Si bien no hablaron con la prensa que estaba en el lugar, se mostraron radiantes luego de haber dado el \u201cs\u00ed, quiero\u201d.<\/p>\n\n\n\n<p><strong>El 25 de marzo la pareja celebrar\u00e1 su boda en Estancia del Rosario, en San Antonio de Areco.\u00a0<\/strong>\u201c<strong>Va a ser todo muy tranquilo, muy austero, poquitos invitados<\/strong>. Ya est\u00e1n repartidas las invitaciones, por eso nos enteramos\u201d, detall\u00f3 Maite Pe\u00f1onori al aire de\u00a0<em>Intrusos (Am\u00e9rica)\u00a0<\/em>sobre el evento que se postula como una de las bodas del a\u00f1o.<\/p>\n\n\n\n<figure class=\"wp-block-image size-large\"><img loading=\"lazy\" decoding=\"async\" width=\"1024\" height=\"565\" src=\"https:\/\/corrientesdetarde.com\/wp-content\/uploads\/2023\/03\/image-839-1024x565.png\" alt=\"\" class=\"wp-image-49294\" srcset=\"https:\/\/corrientesdetarde.com\/wp-content\/uploads\/2023\/03\/image-839-1024x565.png 1024w, https:\/\/corrientesdetarde.com\/wp-content\/uploads\/2023\/03\/image-839-300x166.png 300w, https:\/\/corrientesdetarde.com\/wp-content\/uploads\/2023\/03\/image-839-768x424.png 768w, https:\/\/corrientesdetarde.com\/wp-content\/uploads\/2023\/03\/image-839.png 1440w\" sizes=\"auto, (max-width: 1024px) 100vw, 1024px\" \/><\/figure>\n\n\n\n<h2 class=\"wp-block-heading\">La historia de amor entre Mar\u00eda Eugenia Vidal y Quique Sacco<\/h2>\n\n\n\n<p>Mar\u00eda Eugenia Vidal y Quique Sacco se conocieron en 2019 en el programa de Mirtha Legrand. En ese momento, ella estaba en medio de la campa\u00f1a para las PASO 2019, mientras que \u00e9l hab\u00eda sufrido la p\u00e9rdida de su expareja, la periodista D\u00e9bora P\u00e9rez Volpin.<\/p>\n\n\n\n<p>Cuando el programa termin\u00f3,\u00a0<strong>Mar\u00eda Eugenia se acerc\u00f3 a Enrique y le dijo que pod\u00eda contar con ella para lo que necesitara<\/strong>. Tras intercambiarse sus n\u00fameros telef\u00f3nicos comenzaron a charlar cada vez con m\u00e1s asiduidad. Tiempo despu\u00e9s, ellos mismos contar\u00edan que esos intercambios los llevar\u00edan a tener su primera cita un mes despu\u00e9s.<\/p>\n\n\n\n<p><strong>\u201cMe dijo cosas lindas y termin\u00f3 con un \u2018te dejo un beso de buenas noches\u2019.&nbsp;<\/strong>Para m\u00ed era una noche triste&#8230; Y ah\u00ed apareci\u00f3 alguien para cuidarme. Es que&nbsp;<strong>Quique es una buena persona y es f\u00e1cil de querer\u201d<\/strong>, relat\u00f3 Vidal m\u00e1s tarde, en di\u00e1logo con Juana Viale.&nbsp;<strong>\u201cNadie viene al programa de Mirtha pensando que va a encontrar un novio\u201d<\/strong>, agreg\u00f3 entre risas.<\/p>\n\n\n\n<p>Por su parte, Quique explic\u00f3 que su presencia en el programa de Mirtha estuvo relacionada con la muerte de D\u00e9bora, ya que hab\u00eda asistido para compartir las novedades del juicio por la muerte de la periodista. Aliviado por el fallo, coment\u00f3:&nbsp;<strong>\u201cSiento que la vida me dio una nueva oportunidad con Mar\u00eda Eugenia\u201d.<\/strong><\/p>\n","protected":false},"excerpt":{"rendered":"<p>Vidal y Sacco cumplieron con el tr\u00e1mite civil de firma que exige el registro civil de la calle Uruguay este mediod\u00eda. Lo hicieron acompa\u00f1ados de los hijos de ambos. Luego&hellip; <\/p>\n","protected":false},"author":8,"featured_media":49296,"comment_status":"closed","ping_status":"open","sticky":false,"template":"","format":"standard","meta":{"footnotes":""},"categories":[19],"tags":[],"class_list":["post-49293","post","type-post","status-publish","format-standard","has-post-thumbnail","hentry","category-espectaculos"],"_links":{"self":[{"href":"https:\/\/corrientesdetarde.com\/index.php\/wp-json\/wp\/v2\/posts\/49293","targetHints":{"allow":["GET"]}}],"collection":[{"href":"https:\/\/corrientesdetarde.com\/index.php\/wp-json\/wp\/v2\/posts"}],"about":[{"href":"https:\/\/corrientesdetarde.com\/index.php\/wp-json\/wp\/v2\/types\/post"}],"author":[{"embeddable":true,"href":"https:\/\/corrientesdetarde.com\/index.php\/wp-json\/wp\/v2\/users\/8"}],"replies":[{"embeddable":true,"href":"https:\/\/corrientesdetarde.com\/index.php\/wp-json\/wp\/v2\/comments?post=49293"}],"version-history":[{"count":1,"href":"https:\/\/corrientesdetarde.com\/index.php\/wp-json\/wp\/v2\/posts\/49293\/revisions"}],"predecessor-version":[{"id":49297,"href":"https:\/\/corrientesdetarde.com\/index.php\/wp-json\/wp\/v2\/posts\/49293\/revisions\/49297"}],"wp:featuredmedia":[{"embeddable":true,"href":"https:\/\/corrientesdetarde.com\/index.php\/wp-json\/wp\/v2\/media\/49296"}],"wp:attachment":[{"href":"https:\/\/corrientesdetarde.com\/index.php\/wp-json\/wp\/v2\/media?parent=49293"}],"wp:term":[{"taxonomy":"category","embeddable":true,"href":"https:\/\/corrientesdetarde.com\/index.php\/wp-json\/wp\/v2\/categories?post=49293"},{"taxonomy":"post_tag","embeddable":true,"href":"https:\/\/corrientesdetarde.com\/index.php\/wp-json\/wp\/v2\/tags?post=49293"}],"curies":[{"name":"wp","href":"https:\/\/api.w.org\/{rel}","templated":true}]}}